{"id":94666,"date":"2023-10-12T10:18:07","date_gmt":"2023-10-12T13:18:07","guid":{"rendered":"https:\/\/corrientesdetarde.com\/?p=94666"},"modified":"2023-10-12T10:18:11","modified_gmt":"2023-10-12T13:18:11","slug":"el-peronismo-advierte-que-votar-a-milei-es-pegarse-un-tiro-en-el-pie-propio-de-los-hijos-y-de-los-nietos","status":"publish","type":"post","link":"https:\/\/corrientesdetarde.com\/index.php\/politica\/el-peronismo-advierte-que-votar-a-milei-es-pegarse-un-tiro-en-el-pie-propio-de-los-hijos-y-de-los-nietos\/","title":{"rendered":"EL PERONISMO ADVIERTE QUE VOTAR A MILEI ES PEGARSE UN TIRO EN EL PIE PROPIO, DE LOS HIJOS Y DE LOS NIETOS"},"content":{"rendered":"\n<p>(Corresponsal\u00eda Buenos Aires) El presidente del Frente Nacional de Agrupaciones Peronistas (FRENAP), Marcelo Puella, abord\u00f3 la actual situaci\u00f3n econ\u00f3mica que ha desatado el candidato a presidente libertario, Javier Gerardo Milei. Puella, conocido por su postura firme, no escatim\u00f3 palabras al definir la crisis cambiaria que, seg\u00fan \u00e9l, ha sido provocada por las controvertidas declaraciones del candidato.<\/p>\n\n\n\n<p>&#8220;Siempre hab\u00edamos advertido de la irresponsabilidad de Milei, de sus dichos sobre la dolarizaci\u00f3n y la infinidad de incoherencias que ven\u00eda manifestando. Pero ahora su locura ha alcanzado un nivel que da\u00f1a la estabilidad econ\u00f3mica del pa\u00eds&#8221;, expres\u00f3 Puella en un tono contundente.<\/p>\n\n\n\n<p>La declaraci\u00f3n m\u00e1s pol\u00e9mica de Milei, que el peso argentino no pod\u00eda &#8220;valer ni excremento&#8221; y su llamado a abandonar los plazos fijos en la moneda nacional a favor del d\u00f3lar, fue ampliamente condenada por la oposici\u00f3n. Las asociaciones de bancos argentinos, incluidas Adeba, Abappra, ABE y ABA, se unieron al coro de cr\u00edticos.<\/p>\n\n\n\n<p>Incluso Sergio Massa, candidato de Uni\u00f3n por la Patria, se sum\u00f3 a las cr\u00edticas al afirmar que Milei estaba &#8220;jugando con los ahorros de la gente&#8221;.<\/p>\n\n\n\n<p>La controversia ha llegado a los tribunales de Comodoro Py, donde se han presentado denuncias para investigar si los comentarios de Milei constituyen incitaci\u00f3n a la violencia econ\u00f3mica o un delito financiero. Estas denuncias, lideradas por la abogada Valeria Carreras y respaldadas por el presidente Alberto Fern\u00e1ndez con el apoyo legal de Jos\u00e9 Manuel Ubeira, demuestran el alcance de la preocupaci\u00f3n generada por las palabras del candidato.<\/p>\n\n\n\n<p>Marcelo Puella subray\u00f3 la gravedad de la situaci\u00f3n actual en Argentina, donde la poblaci\u00f3n ha respondido con p\u00e1nico, llenando los bancos y generando largas colas para realizar tr\u00e1mites financieros rutinarios. &#8220;Esto es el resultado de la inestabilidad que se puede vivir con un individuo desequilibrado como Milei&#8221;, advirti\u00f3 Puella.<\/p>\n\n\n\n<p>El presidente del Frente Nacional de Agrupaciones Peronistas hizo una declaraci\u00f3n especialmente fuerte al afirmar que aquel argentino que vota por Milei no est\u00e1 da\u00f1ando su propio futuro, sino que lo est\u00e1 haciendo con sus hijo y nietos.<\/p>\n","protected":false},"excerpt":{"rendered":"<p>(Corresponsal\u00eda Buenos Aires) El presidente del Frente Nacional de Agrupaciones Peronistas (FRENAP), Marcelo Puella, abord\u00f3 la actual situaci\u00f3n econ\u00f3mica que ha desatado el candidato a presidente libertario, Javier Gerardo Milei.&hellip; <\/p>\n","protected":false},"author":11,"featured_media":94667,"comment_status":"closed","ping_status":"open","sticky":false,"template":"","format":"standard","meta":{"footnotes":""},"categories":[3],"tags":[],"class_list":["post-94666","post","type-post","status-publish","format-standard","has-post-thumbnail","hentry","category-politica"],"_links":{"self":[{"href":"https:\/\/corrientesdetarde.com\/index.php\/wp-json\/wp\/v2\/posts\/94666","targetHints":{"allow":["GET"]}}],"collection":[{"href":"https:\/\/corrientesdetarde.com\/index.php\/wp-json\/wp\/v2\/posts"}],"about":[{"href":"https:\/\/corrientesdetarde.com\/index.php\/wp-json\/wp\/v2\/types\/post"}],"author":[{"embeddable":true,"href":"https:\/\/corrientesdetarde.com\/index.php\/wp-json\/wp\/v2\/users\/11"}],"replies":[{"embeddable":true,"href":"https:\/\/corrientesdetarde.com\/index.php\/wp-json\/wp\/v2\/comments?post=94666"}],"version-history":[{"count":1,"href":"https:\/\/corrientesdetarde.com\/index.php\/wp-json\/wp\/v2\/posts\/94666\/revisions"}],"predecessor-version":[{"id":94668,"href":"https:\/\/corrientesdetarde.com\/index.php\/wp-json\/wp\/v2\/posts\/94666\/revisions\/94668"}],"wp:featuredmedia":[{"embeddable":true,"href":"https:\/\/corrientesdetarde.com\/index.php\/wp-json\/wp\/v2\/media\/94667"}],"wp:attachment":[{"href":"https:\/\/corrientesdetarde.com\/index.php\/wp-json\/wp\/v2\/media?parent=94666"}],"wp:term":[{"taxonomy":"category","embeddable":true,"href":"https:\/\/corrientesdetarde.com\/index.php\/wp-json\/wp\/v2\/categories?post=94666"},{"taxonomy":"post_tag","embeddable":true,"href":"https:\/\/corrientesdetarde.com\/index.php\/wp-json\/wp\/v2\/tags?post=94666"}],"curies":[{"name":"wp","href":"https:\/\/api.w.org\/{rel}","templated":true}]}}