{"id":94673,"date":"2023-10-12T11:11:29","date_gmt":"2023-10-12T14:11:29","guid":{"rendered":"https:\/\/corrientesdetarde.com\/?p=94673"},"modified":"2023-10-12T11:11:41","modified_gmt":"2023-10-12T14:11:41","slug":"la-mujer-que-increpo-a-guido-kaczka-durante-la-grabacion-de-los-8-escalones-pidio-perdon-no-quise-bardear","status":"publish","type":"post","link":"https:\/\/corrientesdetarde.com\/index.php\/espectaculos\/la-mujer-que-increpo-a-guido-kaczka-durante-la-grabacion-de-los-8-escalones-pidio-perdon-no-quise-bardear\/","title":{"rendered":"La mujer que increp\u00f3 a Guido Kaczka durante la grabaci\u00f3n de \u201cLos 8 escalones\u201d pidi\u00f3 perd\u00f3n: \u201cNo quise bardear\u201d"},"content":{"rendered":"\n<p>El lunes se vivi\u00f3 un momento de tensi\u00f3n durante la grabaci\u00f3n de\u00a0<em>Los 8 escalones (eltrece)<\/em>\u00a0cuando una mujer\u00a0<strong>comenz\u00f3 a gritar en medio del estudio<\/strong>. El hecho trascendi\u00f3 ya que la<strong>\u00a0protagonista del esc\u00e1ndalo<\/strong>\u00a0comparti\u00f3 el video de lo ocurrido en su cuenta de TikTok.<\/p>\n\n\n\n<p>Tras ingresar al estudio en el que se lleva adelante el programa, la chica comenz\u00f3 a grabar su mon\u00f3logo y\u00a0<strong>dispar\u00f3 contra el conductor del ciclo<\/strong>\u00a0que a\u00fan no se encontraba en el lugar. \u201c<strong>Hola, ac\u00e1 estamos.\u00a0Guido Kaczka\u00a0es una basura.\u00a0<\/strong>En los medios de comunicaci\u00f3n tendr\u00edamos que defender los derechos. No defienden los derechos\u201d, se escucha en el video de unos segundos.<\/p>\n\n\n\n<p>Mientras una de las productoras intentaba calmar a la joven, le ofrec\u00eda agua y le ped\u00eda que respire, ella continuaba con su discurso: \u201cPorque como yo digo, hay que hacer justicia, loco.<strong>&nbsp;Pasan por la televisi\u00f3n que mataron a una embarazada<\/strong>\u201d.<\/p>\n\n\n\n<figure class=\"wp-block-image\"><img decoding=\"async\" src=\"https:\/\/tn.com.ar\/resizer\/lVL8NWF6F3cd119QL4c_HInivKs=\/767x0\/smart\/filters:format(webp)\/thumbs.vodgc.net\/1-14-g7qzaC1697117913339-1697118654.jpg\" alt=\"Video Placeholder\"\/><\/figure>\n\n\n\n<p>La mujer que gener\u00f3 un esc\u00e1ndalo durante la grabaci\u00f3n de \u201cLos 8 escalones\u201d le pidi\u00f3 perd\u00f3n a Guido Kaczka: &#8220;Es un genio&#8221; (Foto: Captura eltrece)<\/p>\n\n\n\n<p>\u201c<strong>En este pa\u00eds no hacen justicia<\/strong>.Tengo un problema.&nbsp;<strong>Me sent\u00e9 en una silla de ruedas, quiero una silla de ruedas<\/strong>\u201d, dispar\u00f3 mientras desde la producci\u00f3n continuaban asisti\u00e9ndola sin entender lo que estaba pasando. M\u00e1s tarde, desde el ciclo indicaron que la chica&nbsp;<strong>podr\u00eda haber sufrido un ataque de p\u00e1nico<\/strong>&nbsp;y que pudieron asistirla para que regresara a su casa. El video del momento se viraliz\u00f3 r\u00e1pidamente en las redes sociales.<\/p>\n\n\n\n<h2 class=\"wp-block-heading\">Qu\u00e9 dijo la joven sobre el video viral en el que critic\u00f3 a Guido Kaczka<\/h2>\n\n\n\n<p>Luego de que el video se viralizara en las redes sociales, la usuaria de TikTok us\u00f3 su cuenta para explicar lo que hab\u00eda ocurrido y&nbsp;<strong>le pidi\u00f3 perd\u00f3n al conductor del certamen en el que particip\u00f3<\/strong>. Despu\u00e9s de contar que hab\u00eda tenido un problema de salud por el que hab\u00eda usado una silla de ruedas, asegur\u00f3 que no ten\u00eda nada en contra de Guido.<\/p>\n\n\n\n<figure class=\"wp-block-image\"><img decoding=\"async\" src=\"https:\/\/tn.com.ar\/resizer\/U8uFVbberYtehcndPVzI9XMdWPs=\/767x0\/smart\/filters:format(webp)\/thumbs.vodgc.net\/1-14-klcMAC1697118284756-1697118690.jpg\" alt=\"Video Placeholder\"\/><\/figure>\n\n\n\n<p>Qu\u00e9 dijo la joven sobre el video viral en el que critic\u00f3 a Guido Kaczka (Video: TikTok \/ valenmoure)<\/p>\n\n\n\n<p>\u201cQuer\u00eda contarles qu\u00e9 es lo que pas\u00f3 en&nbsp;<em>eltrece<\/em>.<strong>&nbsp;No quer\u00eda bardear a nadie.<\/strong>&nbsp;Ten\u00eda un speech en la cabeza para decir que en los medios de comunicaci\u00f3n no hay justicia porque se muestra lo que pasa y nunca encuentran a los responsables, a\u00fan con c\u00e1maras. Me parece una boludez que crean todo lo que aparece en la televisi\u00f3n.&nbsp;<strong>Guido Kaczka no estaba en el estudio<\/strong>\u201d, explic\u00f3. En el texto con el que acompa\u00f1\u00f3 el video, escribi\u00f3: \u201c<strong>#8escalones<\/strong>&nbsp;perd\u00f3n.&nbsp;<strong>#guidokazcka<\/strong>&nbsp;genio\u201d.<\/p>\n","protected":false},"excerpt":{"rendered":"<p>El lunes se vivi\u00f3 un momento de tensi\u00f3n durante la grabaci\u00f3n de\u00a0Los 8 escalones (eltrece)\u00a0cuando una mujer\u00a0comenz\u00f3 a gritar en medio del estudio. El hecho trascendi\u00f3 ya que la\u00a0protagonista del&hellip; <\/p>\n","protected":false},"author":12,"featured_media":94682,"comment_status":"closed","ping_status":"open","sticky":false,"template":"","format":"standard","meta":{"footnotes":""},"categories":[19],"tags":[],"class_list":["post-94673","post","type-post","status-publish","format-standard","has-post-thumbnail","hentry","category-espectaculos"],"_links":{"self":[{"href":"https:\/\/corrientesdetarde.com\/index.php\/wp-json\/wp\/v2\/posts\/94673","targetHints":{"allow":["GET"]}}],"collection":[{"href":"https:\/\/corrientesdetarde.com\/index.php\/wp-json\/wp\/v2\/posts"}],"about":[{"href":"https:\/\/corrientesdetarde.com\/index.php\/wp-json\/wp\/v2\/types\/post"}],"author":[{"embeddable":true,"href":"https:\/\/corrientesdetarde.com\/index.php\/wp-json\/wp\/v2\/users\/12"}],"replies":[{"embeddable":true,"href":"https:\/\/corrientesdetarde.com\/index.php\/wp-json\/wp\/v2\/comments?post=94673"}],"version-history":[{"count":1,"href":"https:\/\/corrientesdetarde.com\/index.php\/wp-json\/wp\/v2\/posts\/94673\/revisions"}],"predecessor-version":[{"id":94683,"href":"https:\/\/corrientesdetarde.com\/index.php\/wp-json\/wp\/v2\/posts\/94673\/revisions\/94683"}],"wp:featuredmedia":[{"embeddable":true,"href":"https:\/\/corrientesdetarde.com\/index.php\/wp-json\/wp\/v2\/media\/94682"}],"wp:attachment":[{"href":"https:\/\/corrientesdetarde.com\/index.php\/wp-json\/wp\/v2\/media?parent=94673"}],"wp:term":[{"taxonomy":"category","embeddable":true,"href":"https:\/\/corrientesdetarde.com\/index.php\/wp-json\/wp\/v2\/categories?post=94673"},{"taxonomy":"post_tag","embeddable":true,"href":"https:\/\/corrientesdetarde.com\/index.php\/wp-json\/wp\/v2\/tags?post=94673"}],"curies":[{"name":"wp","href":"https:\/\/api.w.org\/{rel}","templated":true}]}}