{"id":94685,"date":"2023-10-12T11:18:10","date_gmt":"2023-10-12T14:18:10","guid":{"rendered":"https:\/\/corrientesdetarde.com\/?p=94685"},"modified":"2023-10-12T11:18:22","modified_gmt":"2023-10-12T14:18:22","slug":"llego-a-roma-el-primer-grupo-de-49-argentinos-evacuados-de-israel","status":"publish","type":"post","link":"https:\/\/corrientesdetarde.com\/index.php\/actualidad\/llego-a-roma-el-primer-grupo-de-49-argentinos-evacuados-de-israel\/","title":{"rendered":"Lleg\u00f3 a Roma el primer grupo de 49 argentinos evacuados de Israel"},"content":{"rendered":"\n<p>Un primer grupo de&nbsp;<strong>49 argentinos<\/strong>&nbsp;-entre ellos cuatro ni\u00f1os- evacuados de Israel aterrizaron esta ma\u00f1ana en la ciudad de Roma (Italia) desde donde regresar\u00e1n a la Argentina en las pr\u00f3ximas horas en vuelos comerciales. , en el marco del operativo \u201cRegreso Seguro\u201d organizado en forma conjunta por la Canciller\u00eda, el Ministerio de Defensa y las Fuerzas Armadas, tras los ataques del grupo islamista palestino Hamas en territorio israel\u00ed.<\/p>\n\n\n\n<p>El avi\u00f3n H\u00e9rcules C-130 proveniente de Tel Aviv aterriz\u00f3 a las 8.30 (hora argentina) en el aeropuerto Mario de Bernardi, en Roma, y los argentinos fueron recibidos por el embajador argentino en Italia,&nbsp;<strong>Roberto Carl\u00e9s<\/strong>, seg\u00fan indic\u00f3 la agencia de noticias&nbsp;<em>T\u00e9lam<\/em>.<\/p>\n\n\n\n<p>\u201cEl primer grupo de argentinos y argentinas evacuados desde Israel lleg\u00f3 a Roma. El H\u00e9rcules acaba de aterrizar en el aeropuerto militar Mario De Bernardi. Recibir\u00e1n asistencia en nuestra embajada antes de volver al pa\u00eds. Gracias a todo el equipo del operativo por el esfuerzo\u201d, public\u00f3 el canciller Santiago Cafiero en su cuenta de la plataforma X (antes Twitter).<\/p>\n\n\n\n<figure class=\"wp-block-image\"><img decoding=\"async\" src=\"https:\/\/tn.com.ar\/resizer\/VHkQdEpgPtndEVmbkMFk4Rw5d7Y=\/767x0\/smart\/filters:format(webp)\/cloudfront-us-east-1.images.arcpublishing.com\/artear\/6VAGJ4LDUJEZ5J4EFFCB2CJHWA.JPG\" alt=\"El canciller Santiago Cafiero inform\u00f3 que un primer contingente de argentinos evacuados de Israel lleg\u00f3 a Roma. (Foto: captura de X).\"\/><figcaption>El canciller Santiago Cafiero inform\u00f3 que un primer contingente de argentinos evacuados de Israel lleg\u00f3 a Roma. (Foto: captura de X).Por:&nbsp;<strong>Stephane Jean Laurent Bailly<\/strong><\/figcaption><\/figure>\n\n\n\n<p>Se trata de un primer grupo de 49 de los 1.419 argentinos registrados para ser evacuados desde Tel Aviv por el operativo \u201c<strong>Regreso Seguro\u201d&nbsp;<\/strong>organizado en forma conjunta por la Canciller\u00eda, el Ministerio de Defensa y las Fuerzas Armadas, tras los ataques del grupo islamista palestino Hamas en Israel.<\/p>\n\n\n\n<p>\u201c<strong>Bienvenidos compatriotas a tierra segura. Estamos&nbsp;<\/strong>en Roma\u201d, dijo un oficial a los argentinos que rompieron en aplausos a\u00fan adentro del avi\u00f3n, seg\u00fan se puede ver en el video publicado por Cafiero en la red social.<\/p>\n\n\n\n<p>\u201cEn nombre del Presidente (Alberto Fern\u00e1ndez), del ministro de Defensa (Jorge Taiana) y todas las autoridades argentinas pido un aplauso a la dotaci\u00f3n del avi\u00f3n que vino pr\u00e1cticamente sin descansar\u201d, agreg\u00f3 mientras continuaban los aplausos de los argentinos.<\/p>\n\n\n\n<p>En la capital italiana, los argentinos ser\u00e1n asistidos por la embajada en esa ciudad y les dar\u00e1 asistencia en la Casa Argentina ubicada en Via Veneto 7, hasta el momento de regresar al territorio nacional, trayecto que ser\u00e1 efectuado con aviones de Aerol\u00edneas Argentinas.<\/p>\n\n\n\n<p>Por su parte, el canciller Cafiero destac\u00f3 que se trata de \u201cun trabajo articulado entre el Ministerio de Relaciones Exteriores, el de Defensa y Aerol\u00edneas Argentinas\u201d, y agreg\u00f3 que la Canciller\u00eda est\u00e1 trabajando en conjunto con la Asociaci\u00f3n Mutual Israelita Argentina (AMIA) \u201cpara que a trav\u00e9s de iniciativas privadas, podamos evacuar a argentinos y argentinas con mayor velocidad\u201d.<\/p>\n\n\n\n<p>\u201c<strong>Fue un vuelo muy sobreexigido, de m\u00e1s de 30 horas<\/strong>&nbsp;y con 5 escalas, pero finalmente pudimos embarcar el primer contingente que en momentos estar\u00e1 aterrizando en Roma. Es un grupo reducido de 49 personas\u201d, explic\u00f3 esta ma\u00f1ana en di\u00e1logo con&nbsp;<strong>TN&nbsp;<\/strong>el general Jorge Berrero, jefe del operativo.<\/p>\n\n\n\n<p>Seg\u00fan explic\u00f3, \u201cla idea es generar&nbsp;<strong>tres puentes a\u00e9reos diarios, con 210 personas por d\u00eda<\/strong>, para lo cual solicitamos otra aeronave a la Fuerza A\u00e9rea Argentina\u201d.<\/p>\n\n\n\n<p>Cafiero explic\u00f3 ayer que se trabaja en cooperaci\u00f3n con la mutual jud\u00eda AMIA para que un vuelo privado se sume al operativo de repatriaci\u00f3n.<\/p>\n","protected":false},"excerpt":{"rendered":"<p>Un primer grupo de&nbsp;49 argentinos&nbsp;-entre ellos cuatro ni\u00f1os- evacuados de Israel aterrizaron esta ma\u00f1ana en la ciudad de Roma (Italia) desde donde regresar\u00e1n a la Argentina en las pr\u00f3ximas horas&hellip; <\/p>\n","protected":false},"author":12,"featured_media":94686,"comment_status":"closed","ping_status":"open","sticky":false,"template":"","format":"standard","meta":{"footnotes":""},"categories":[23],"tags":[],"class_list":["post-94685","post","type-post","status-publish","format-standard","has-post-thumbnail","hentry","category-actualidad"],"_links":{"self":[{"href":"https:\/\/corrientesdetarde.com\/index.php\/wp-json\/wp\/v2\/posts\/94685","targetHints":{"allow":["GET"]}}],"collection":[{"href":"https:\/\/corrientesdetarde.com\/index.php\/wp-json\/wp\/v2\/posts"}],"about":[{"href":"https:\/\/corrientesdetarde.com\/index.php\/wp-json\/wp\/v2\/types\/post"}],"author":[{"embeddable":true,"href":"https:\/\/corrientesdetarde.com\/index.php\/wp-json\/wp\/v2\/users\/12"}],"replies":[{"embeddable":true,"href":"https:\/\/corrientesdetarde.com\/index.php\/wp-json\/wp\/v2\/comments?post=94685"}],"version-history":[{"count":1,"href":"https:\/\/corrientesdetarde.com\/index.php\/wp-json\/wp\/v2\/posts\/94685\/revisions"}],"predecessor-version":[{"id":94687,"href":"https:\/\/corrientesdetarde.com\/index.php\/wp-json\/wp\/v2\/posts\/94685\/revisions\/94687"}],"wp:featuredmedia":[{"embeddable":true,"href":"https:\/\/corrientesdetarde.com\/index.php\/wp-json\/wp\/v2\/media\/94686"}],"wp:attachment":[{"href":"https:\/\/corrientesdetarde.com\/index.php\/wp-json\/wp\/v2\/media?parent=94685"}],"wp:term":[{"taxonomy":"category","embeddable":true,"href":"https:\/\/corrientesdetarde.com\/index.php\/wp-json\/wp\/v2\/categories?post=94685"},{"taxonomy":"post_tag","embeddable":true,"href":"https:\/\/corrientesdetarde.com\/index.php\/wp-json\/wp\/v2\/tags?post=94685"}],"curies":[{"name":"wp","href":"https:\/\/api.w.org\/{rel}","templated":true}]}}