{"id":94690,"date":"2023-10-12T11:51:44","date_gmt":"2023-10-12T14:51:44","guid":{"rendered":"https:\/\/corrientesdetarde.com\/?p=94690"},"modified":"2023-10-13T09:45:15","modified_gmt":"2023-10-13T12:45:15","slug":"manuel-turizo-exploto-contra-el-publico-y-se-fue-del-escenario-en-pleno-show-no-canto-un-carajo","status":"publish","type":"post","link":"https:\/\/corrientesdetarde.com\/index.php\/espectaculos\/manuel-turizo-exploto-contra-el-publico-y-se-fue-del-escenario-en-pleno-show-no-canto-un-carajo\/","title":{"rendered":"Manuel Turizo explot\u00f3 contra el p\u00fablico y se fue del escenario en pleno show: \u201c\u00a1No canto un carajo!\u201d"},"content":{"rendered":"\n<p>\u201cEsta canci\u00f3n (\u2026) \u00a1Guarden esos celulares y disfruten! Guarde todo el mundo el celular, rumb\u00e9atelo.\u00a0<strong>Guarden su celular, guarda, guarda, guarda, guarda\u201d,<\/strong>\u00a0pidi\u00f3 Manuel Turizo a su p\u00fablico. \u201cGuarda, si no no cantamos un carajo y me voy de aqu\u00ed\u201d, explot\u00f3 contra los fans. Como tampoco obtuvo respuesta con la amenaza, al grito de \u201cNos vamos ya mismo\u201d, el cantante colombiano apoy\u00f3 el micr\u00f3fono en el piso y abandon\u00f3 el escenario.<\/p>\n\n\n\n<figure class=\"wp-block-image\"><img decoding=\"async\" src=\"https:\/\/tn.com.ar\/resizer\/IXSJj3iBZdmdg3hbp39xczecgf4=\/767x0\/smart\/filters:format(webp)\/thumbs.vodgc.net\/1-14-07RPS11697112324172_480P.jpg\" alt=\"Video Placeholder\"\/><\/figure>\n\n\n\n<p>El cantante se enoj\u00f3 con los fans y se fue del escenario<\/p>\n\n\n\n<p>Seg\u00fan los relatos en redes sociales, el cantante de<strong>&nbsp;\u201cLa Bachata\u201d<\/strong>&nbsp;le pidi\u00f3 al p\u00fablico en varias ocasiones que guarden el tel\u00e9fono y disfruten del show.<\/p>\n\n\n\n<p>EL video de la acci\u00f3n del colombiano se hizo viral y gener\u00f3 opiniones divididas en las redes sociales entre quienes apoyan al cantante y los que no.<\/p>\n\n\n\n<p>Por un lado, muchos piensan que el que pag\u00f3 el espect\u00e1culo, tiene derecho a grabar, sacar fotos o compartir el momento:&nbsp;<strong>\u201cCada quien paga y hace lo que quiere\u201d,&nbsp;<\/strong>\u201cSe le subieron los humitos\u201d, \u201cQu\u00e9 cante y listo, para eso le pagan, cada uno que haga con su celular lo que quiera\u201d o \u201cNi Maluma se atrevi\u00f3 a tanto\u201d.<\/p>\n\n\n\n<p>Pero tambi\u00e9n estuvieron quienes apoyaron al artista: \u201cYa no se gozan verdaderamente un concierto por estar pendientes de grabar\u201d, \u201cLa gente no ve al artista, sino al tel\u00e9fono grabando\u201d o \u201cTiene toda la raz\u00f3n\u2026 mientras estamos pendientes de grabar no disfrutamos al 100 por ciento el momento\u201d.<\/p>\n\n\n\n<p>Si bien Turizo no hizo ning\u00fan comentario en medio de la pol\u00e9mico, muchos recurrieron a su \u00faltimo post de Instagram -donde el cantante celebreba sus premios Billboard de la m\u00fasica latina- para hacerle sentir su enojo.<\/p>\n\n\n\n<figure class=\"wp-block-image\"><img decoding=\"async\" src=\"https:\/\/tn.com.ar\/resizer\/UgyVfGYwcg3MQIYTQLBmaeFulJ0=\/767x0\/smart\/filters:format(webp)\/cloudfront-us-east-1.images.arcpublishing.com\/artear\/KRWZ7EBLDFATJOCEPYOYEVLZKI.JPG\" alt=\"Manuel Turizo explot\u00f3 contra el p\u00fablico y se fue del escenario en pleno show: \u201c\u00a1No canto un carajo!\u201d\"\/><figcaption>Por:&nbsp;<strong>Fabiana Alejandra Ramirez<\/strong><\/figcaption><\/figure>\n\n\n\n<p>\u201cTan bonito pero tan agrandado. La gente le da de comer querido y le paga para verlo y escucharlo no para que les des \u00f3rdenes de guardar el celular, sugerir es una cosa y mandar es otra y tu no eres el pap\u00e1 de los asistentes\u201d, le escribi\u00f3 una de sus seguidoras. \u201c\u00bfTe enoja que saquen celulares para grabarte? No entendes que se alegran verte, deber\u00edas tener m\u00e1s \u00e9tica\u201d, cuestion\u00f3 otro.<\/p>\n\n\n\n<h2 class=\"wp-block-heading\">A pesar de la pol\u00e9mica, Manuel Turizo est\u00e1 en un momento inmejorable<\/h2>\n\n\n\n<p>Turizo est\u00e1 celebrando su triple victoria en los Premios Billboard de la M\u00fasica Latina 2023. Su sencillo \u201c<em>La Bachata<\/em>\u201d domin\u00f3 las listas de m\u00fasica a nivel global y se coron\u00f3 como \u201cGlobal 200 Song of the Year\u201d, \u201c<strong>Canci\u00f3n del A\u00f1o<\/strong>, Latin Airplay\u201d y \u201cCanci\u00f3n del A\u00f1o Tropical\u201d.<\/p>\n\n\n\n<figure class=\"wp-block-embed is-type-video is-provider-youtube wp-block-embed-youtube wp-embed-aspect-16-9 wp-has-aspect-ratio\"><div class=\"wp-block-embed__wrapper\">\n<iframe loading=\"lazy\" title=\"La Bachata - MTZ Manuel Turizo | Video Oficial\" width=\"1110\" height=\"624\" src=\"https:\/\/www.youtube.com\/embed\/TiM_TFpT_DE?feature=oembed\" frameborder=\"0\" allow=\"accelerometer; autoplay; clipboard-write; encrypted-media; gyroscope; picture-in-picture; web-share\" allowfullscreen><\/iframe>\n<\/div><\/figure>\n\n\n\n<p><strong>\u201cCopa Vac\u00eda\u201d,&nbsp;<\/strong>la colaboraci\u00f3n con Shakira que publicaron el 29 de junio, est\u00e1 apunto de alcanzar las 100 millones de reproducciones en Youtube. Adem\u00e1s, el cantautor colombiano es uno de los artistas confirmados para el Festival de Vi\u00f1a del Mar 2024.<\/p>\n\n\n\n<p>Con apenas&nbsp;<strong>23 a\u00f1os<\/strong>, Manuel Turizo lleva editado&nbsp;<strong>dos discos<\/strong>&nbsp;y muchas de sus canciones son las m\u00e1s escuchadas de las plataformas. En Buenos Aires, se gan\u00f3 la ovaci\u00f3n del p\u00fablico luego de entonar su hit \u201cLa bachata\u201d junto a un Chris Martin en una de las fechas de Coldplay en el estadio de River.<\/p>\n","protected":false},"excerpt":{"rendered":"<p>\u201cEsta canci\u00f3n (\u2026) \u00a1Guarden esos celulares y disfruten! Guarde todo el mundo el celular, rumb\u00e9atelo.\u00a0Guarden su celular, guarda, guarda, guarda, guarda\u201d,\u00a0pidi\u00f3 Manuel Turizo a su p\u00fablico. \u201cGuarda, si no no&hellip; <\/p>\n","protected":false},"author":12,"featured_media":94696,"comment_status":"closed","ping_status":"open","sticky":false,"template":"","format":"standard","meta":{"footnotes":""},"categories":[19],"tags":[],"class_list":["post-94690","post","type-post","status-publish","format-standard","has-post-thumbnail","hentry","category-espectaculos"],"_links":{"self":[{"href":"https:\/\/corrientesdetarde.com\/index.php\/wp-json\/wp\/v2\/posts\/94690","targetHints":{"allow":["GET"]}}],"collection":[{"href":"https:\/\/corrientesdetarde.com\/index.php\/wp-json\/wp\/v2\/posts"}],"about":[{"href":"https:\/\/corrientesdetarde.com\/index.php\/wp-json\/wp\/v2\/types\/post"}],"author":[{"embeddable":true,"href":"https:\/\/corrientesdetarde.com\/index.php\/wp-json\/wp\/v2\/users\/12"}],"replies":[{"embeddable":true,"href":"https:\/\/corrientesdetarde.com\/index.php\/wp-json\/wp\/v2\/comments?post=94690"}],"version-history":[{"count":2,"href":"https:\/\/corrientesdetarde.com\/index.php\/wp-json\/wp\/v2\/posts\/94690\/revisions"}],"predecessor-version":[{"id":94918,"href":"https:\/\/corrientesdetarde.com\/index.php\/wp-json\/wp\/v2\/posts\/94690\/revisions\/94918"}],"wp:featuredmedia":[{"embeddable":true,"href":"https:\/\/corrientesdetarde.com\/index.php\/wp-json\/wp\/v2\/media\/94696"}],"wp:attachment":[{"href":"https:\/\/corrientesdetarde.com\/index.php\/wp-json\/wp\/v2\/media?parent=94690"}],"wp:term":[{"taxonomy":"category","embeddable":true,"href":"https:\/\/corrientesdetarde.com\/index.php\/wp-json\/wp\/v2\/categories?post=94690"},{"taxonomy":"post_tag","embeddable":true,"href":"https:\/\/corrientesdetarde.com\/index.php\/wp-json\/wp\/v2\/tags?post=94690"}],"curies":[{"name":"wp","href":"https:\/\/api.w.org\/{rel}","templated":true}]}}