{"id":94698,"date":"2023-10-12T14:11:55","date_gmt":"2023-10-12T17:11:55","guid":{"rendered":"https:\/\/corrientesdetarde.com\/?p=94698"},"modified":"2023-10-12T14:12:06","modified_gmt":"2023-10-12T17:12:06","slug":"valdes-inauguro-la-ampliacion-de-la-terapia-intensiva-del-hospital-de-goya-fortaleciendo-la-region-sanitaria-del-sur-provincial","status":"publish","type":"post","link":"https:\/\/corrientesdetarde.com\/index.php\/locales\/valdes-inauguro-la-ampliacion-de-la-terapia-intensiva-del-hospital-de-goya-fortaleciendo-la-region-sanitaria-del-sur-provincial\/","title":{"rendered":"Vald\u00e9s inaugur\u00f3 la ampliaci\u00f3n de la Terapia Intensiva del Hospital de Goya, fortaleciendo la regi\u00f3n sanitaria del sur provincial"},"content":{"rendered":"\n<p>El Gobernador, Gustavo Vald\u00e9s, este jueves dej\u00f3 inauguradas las obras del Hospital Dr. Camilo Muniagurria en la ciudad de Goya. En el lugar, se realiz\u00f3 la refacci\u00f3n integral de la Unidad de Terapia Intensiva, donde se reorganiz\u00f3 el \u00e1rea, y cuenta actualmente con espacio para 13 camas con todos los servicios necesarios. Adem\u00e1s, se hizo entrega del equipamiento necesario,&nbsp;un ec\u00f3grafo port\u00e1til, y dos transductores.<\/p>\n\n\n\n<p>En la ocasi\u00f3n el Gobernador Vald\u00e9s estuvo acompa\u00f1ado del intendente de Goya, Mariano Hormaechea; del ministro de Salud P\u00fablica, Ricardo Cardozo; y el director del Hospital, Ra\u00fal Mart\u00ednez.<\/p>\n\n\n\n<p>\u201cTenemos un proyecto ambicioso para el Hospital en materia de equipamientos y obras y seguiremos avanzando con eso porque necesitamos a comenzar estructurar la salud p\u00fablica de otra forma\u201d, expres\u00f3 el gobernador Gustavo Vald\u00e9s al iniciar su discurso en el acto que se hizo en el Sal\u00f3n Auditorium del Hospital nosocomio de la localidad.<\/p>\n\n\n\n<p>En ese sentido, Vald\u00e9s apost\u00f3 a \u201cdotar de complejidad al Hospital zonal para que sea vuelva a ser un centro de referencia en el sur de la provincia y concentremos el poder del Estado en Goya\u201d.<\/p>\n\n\n\n<p>Adem\u00e1s, mencion\u00f3 que los nosocomios de la zona cuentan con los respectivos equipamientos tecnol\u00f3gicos para \u201cdarles complejidad a las atenciones, y con internet de alta calidad\u201d.<\/p>\n\n\n\n<p>En consiguiente, el mandatario anunci\u00f3 que en tiempo m\u00e1s se proceder\u00e1 al corte de cinta de las obras en el segundo Hospital de ni\u00f1os \u201cdonde tambi\u00e9n le sumaremos complejidades para que no tengamos que derivar pacientes a Corrientes\u201d y mencion\u00f3 que tambi\u00e9n se avanza con las obras en el Instituto de Oncol\u00f3gico.<\/p>\n\n\n\n<p>\u201cCon estas obras estamos armando un sistema que nos fortalezca\u201d, remarc\u00f3 y luego indic\u00f3 que tambi\u00e9n se avanza en las inversiones en Lavalle, Carolina, San Isidro, Santa Luc\u00eda y Esquina \u201cdonde le estamos dando fortaleza a la regi\u00f3n sanitaria\u201d porque \u201cjuntos vamos a construir la salud p\u00fablica para todos los correntinos\u201d, concluy\u00f3.<\/p>\n\n\n\n<p><strong>Ministro Cardozo<\/strong><\/p>\n\n\n\n<p>El titular del Ministerio de Salud cont\u00f3 que sumar un sector de terapia intensiva como el de este hospital contribuye a descomprimir la demanda en otros centros de salud de la provincia. \u201cA veces no damos abasto con las camas, ya sea por accidentes de tr\u00e1nsito o por el aumento de patolog\u00edas complicadas, as\u00ed que es muy favorable sumar estas 14 camas\u201d, detall\u00f3.<\/p>\n\n\n\n<p>Cardozo inform\u00f3 adem\u00e1s que en el Hospital Escuela de Capital se duplic\u00f3 la cantidad de camas y que se est\u00e1 haciendo lo mismo con el Hospital Vidal. \u201cTenemos la Terapia Intensiva m\u00e1s importante de la provincia, que es la del Hospital de Campa\u00f1a, pero tenemos otras que son fundamentales como las de Paso de los Libres y Santo Tom\u00e9\u201d.<\/p>\n\n\n\n<p>Volviendo a esta inauguraci\u00f3n, el ministro destac\u00f3 el avance tecnol\u00f3gico, asegurando que ya se otorgaron 130.000 turnos a trav\u00e9s del sistema web.<\/p>\n\n\n\n<p><strong>Intendente Hormaechea<\/strong><\/p>\n\n\n\n<p>Al dirigirse a los presentes, el intendente Hormaechea manifest\u00f3, inicialmente, su satisfacci\u00f3n por \u201cestar terminando una jornada de inauguraciones y entregas, en materia de educaci\u00f3n, seguridad y salud p\u00fablica\u201d, junto al gobernador Gustavo Vald\u00e9s.<\/p>\n\n\n\n<p>\u201cHoy estamos avanzando con esta inversi\u00f3n en este Hospital Regional, que es tan simb\u00f3lico para los goyanos\u201d, ya que \u201ctodos sabemos lo que significa, cuando tenemos una urgencia o problem\u00e1tica de salud\u201d.<\/p>\n\n\n\n<p>El jefe comunal goyano, adem\u00e1s, record\u00f3 que el mismo nosocomio \u201catiende a toda la zona sur de la provincia\u201d, a la vez que ratific\u00f3 continuar trabajando junto a la Provincia \u201cpara que la salud de la regi\u00f3n se siga complementando con mejores servicios\u201d.<\/p>\n\n\n\n<p><strong>Director Mart\u00ednez<\/strong><\/p>\n\n\n\n<p>El director del Hospital Regional, consider\u00f3 que las obras inauguradas en la Unidad de Terapia Intensiva son parte \u201cde una inversi\u00f3n que ayudar\u00e1 al sistema de salud p\u00fablica con respecto a la disponibilidad de camas, contando con 14, y al tratamiento cr\u00edtico en pacientes, logrando disminuir las derivaciones a la Capital u otro centro m\u00e1s complejo\u201d.<\/p>\n\n\n\n<p>En otro orden de temas, Ra\u00fal Mart\u00ednez dio cuenta que, tambi\u00e9n, a trav\u00e9s de la gesti\u00f3n provincial, \u201cvamos a poder concretar todo lo que es la historia cl\u00ednica digital, en los diferentes servicios del nosocomio y consultorios externos\u201d.<\/p>\n\n\n\n<p>Finalmente, el funcionario cont\u00f3 que en el mismo hospital \u201cse encuentran 26 alumnos de la UNNE, realizando su pasant\u00eda rural, de 45 d\u00edas, por lo que le estamos ofreciendo capacitaci\u00f3n en su \u00faltima etapa de formaci\u00f3n como m\u00e9dicos\u201d.<\/p>\n\n\n\n<p><strong>Detalles de obra<\/strong><\/p>\n\n\n\n<p>Entre las tereas realizadas se encuentran la provisi\u00f3n y colocaci\u00f3n de un nuevo cielorraso realizado con placa de yeso con estructura independiente. En las paredes se realiz\u00f3 el picado del revoque y se ejecut\u00f3 a nuevo, se revistieron con vin\u00edlico todos los sectores.<\/p>\n\n\n\n<p>Un tratamiento similar se ejecut\u00f3 en el piso, el cual fue revestido con piso vin\u00edlico homog\u00e9neo. Todas aquellas superficies que no contaron con revestimiento fueron pintadas al igual que el cielorraso.<\/p>\n\n\n\n<p>Instalaciones tanto el\u00e9ctrica, como sanitarias, fueron realizadas completamente. Tambi\u00e9n se realiz\u00f3 el cambio de aberturas. Los n\u00facleos h\u00famedos fueron previstos por nuevos cer\u00e1micos.<\/p>\n\n\n\n<p>Adem\u00e1s, las camas disponen la instalaci\u00f3n de gases medicinales con sus paneles.<\/p>\n\n\n\n<p><strong>Equipamiento entregado<\/strong><\/p>\n\n\n\n<p>El Ministerio de Salud P\u00fablica a trav\u00e9s de la Direcci\u00f3n de Administraci\u00f3n dispuso del siguiente equipamiento: computadoras con impresora, Smart TV,&nbsp; heladeras,&nbsp; monitores multiparam\u00e9tricos, electrocardi\u00f3grafo,&nbsp; bolsas de omb\u00fa,&nbsp; colchones anti escaras,&nbsp; juegos de laringoscopios,&nbsp; respiradores multiprocesadores con sus m\u00f3dulos de ventilaci\u00f3n,&nbsp; humidificadores,&nbsp; respiradores de trasporte con su respectivo tubo de ox\u00edgeno medicinal,&nbsp; cat\u00e9teres de marcapasos, camas el\u00e9ctricas, mobiliario, bombas de infusi\u00f3n y de jeringa.<\/p>\n\n\n\n<p>Adem\u00e1s de 30 computadoras completas para equipar los consultorios externos y los servicios de internaci\u00f3n del hospital destinadas a la implementaci\u00f3n de Historia Cl\u00ednica Digital, dicho modulo ser\u00e1 utilizado por profesionales de la salud en la carga de evoluci\u00f3n de pacientes.<\/p>\n\n\n\n<p>En la oportunidad se hizo entrega de un ec\u00f3grafo port\u00e1til y&nbsp;dos transductorespara el Centro de Salud de San Isidro.<\/p>\n\n\n\n<p><strong>Presencias<\/strong><\/p>\n\n\n\n<p>Acompa\u00f1aron al Gobernador de la Provincia, Gustavo Vald\u00e9s; intendente de Goya, Mariano Hormaechea; el ministro de Salud P\u00fablica, Ricardo Cardozo; ministros del Poder Ejecutivo Provincial; secretarios y subsecretarios Provinciales; subsecretarios y directores del Ministerio de Salud P\u00fablica; el director del Hospital, Ra\u00fal Mart\u00ednez; autoridades municipales y provinciales; miembros de la Asociaci\u00f3n Cooperadora de este Hospital; personal de este Hospital; dem\u00e1s autoridades.<\/p>\n\n\n\n<figure class=\"wp-block-image size-large\"><img loading=\"lazy\" decoding=\"async\" width=\"1024\" height=\"683\" src=\"https:\/\/corrientesdetarde.com\/wp-content\/uploads\/2023\/10\/image-403-1024x683.png\" alt=\"\" class=\"wp-image-94699\" srcset=\"https:\/\/corrientesdetarde.com\/wp-content\/uploads\/2023\/10\/image-403-1024x683.png 1024w, https:\/\/corrientesdetarde.com\/wp-content\/uploads\/2023\/10\/image-403-300x200.png 300w, https:\/\/corrientesdetarde.com\/wp-content\/uploads\/2023\/10\/image-403-768x512.png 768w, https:\/\/corrientesdetarde.com\/wp-content\/uploads\/2023\/10\/image-403-1536x1024.png 1536w, https:\/\/corrientesdetarde.com\/wp-content\/uploads\/2023\/10\/image-403.png 1599w\" sizes=\"auto, (max-width: 1024px) 100vw, 1024px\" \/><\/figure>\n\n\n\n<figure class=\"wp-block-image size-large\"><img loading=\"lazy\" decoding=\"async\" width=\"1024\" height=\"683\" src=\"https:\/\/corrientesdetarde.com\/wp-content\/uploads\/2023\/10\/image-404-1024x683.png\" alt=\"\" class=\"wp-image-94700\" srcset=\"https:\/\/corrientesdetarde.com\/wp-content\/uploads\/2023\/10\/image-404-1024x683.png 1024w, https:\/\/corrientesdetarde.com\/wp-content\/uploads\/2023\/10\/image-404-300x200.png 300w, https:\/\/corrientesdetarde.com\/wp-content\/uploads\/2023\/10\/image-404-768x512.png 768w, https:\/\/corrientesdetarde.com\/wp-content\/uploads\/2023\/10\/image-404-1536x1024.png 1536w, https:\/\/corrientesdetarde.com\/wp-content\/uploads\/2023\/10\/image-404.png 1599w\" sizes=\"auto, (max-width: 1024px) 100vw, 1024px\" \/><\/figure>\n\n\n\n<figure class=\"wp-block-image size-large\"><img loading=\"lazy\" decoding=\"async\" width=\"1024\" height=\"657\" src=\"https:\/\/corrientesdetarde.com\/wp-content\/uploads\/2023\/10\/image-405-1024x657.png\" alt=\"\" class=\"wp-image-94701\" srcset=\"https:\/\/corrientesdetarde.com\/wp-content\/uploads\/2023\/10\/image-405-1024x657.png 1024w, https:\/\/corrientesdetarde.com\/wp-content\/uploads\/2023\/10\/image-405-300x192.png 300w, https:\/\/corrientesdetarde.com\/wp-content\/uploads\/2023\/10\/image-405-768x493.png 768w, https:\/\/corrientesdetarde.com\/wp-content\/uploads\/2023\/10\/image-405.png 1431w\" sizes=\"auto, (max-width: 1024px) 100vw, 1024px\" \/><\/figure>\n\n\n\n<figure class=\"wp-block-image size-large\"><img loading=\"lazy\" decoding=\"async\" width=\"1024\" height=\"683\" src=\"https:\/\/corrientesdetarde.com\/wp-content\/uploads\/2023\/10\/image-406-1024x683.png\" alt=\"\" class=\"wp-image-94702\" srcset=\"https:\/\/corrientesdetarde.com\/wp-content\/uploads\/2023\/10\/image-406-1024x683.png 1024w, https:\/\/corrientesdetarde.com\/wp-content\/uploads\/2023\/10\/image-406-300x200.png 300w, https:\/\/corrientesdetarde.com\/wp-content\/uploads\/2023\/10\/image-406-768x512.png 768w, https:\/\/corrientesdetarde.com\/wp-content\/uploads\/2023\/10\/image-406-1536x1024.png 1536w, https:\/\/corrientesdetarde.com\/wp-content\/uploads\/2023\/10\/image-406.png 1599w\" sizes=\"auto, (max-width: 1024px) 100vw, 1024px\" \/><\/figure>\n\n\n\n<figure class=\"wp-block-image size-large\"><img loading=\"lazy\" decoding=\"async\" width=\"1024\" height=\"683\" src=\"https:\/\/corrientesdetarde.com\/wp-content\/uploads\/2023\/10\/image-407-1024x683.png\" alt=\"\" class=\"wp-image-94703\" srcset=\"https:\/\/corrientesdetarde.com\/wp-content\/uploads\/2023\/10\/image-407-1024x683.png 1024w, https:\/\/corrientesdetarde.com\/wp-content\/uploads\/2023\/10\/image-407-300x200.png 300w, https:\/\/corrientesdetarde.com\/wp-content\/uploads\/2023\/10\/image-407-768x512.png 768w, https:\/\/corrientesdetarde.com\/wp-content\/uploads\/2023\/10\/image-407-1536x1024.png 1536w, https:\/\/corrientesdetarde.com\/wp-content\/uploads\/2023\/10\/image-407.png 1599w\" sizes=\"auto, (max-width: 1024px) 100vw, 1024px\" \/><\/figure>\n\n\n\n<figure class=\"wp-block-image size-large\"><img loading=\"lazy\" decoding=\"async\" width=\"1024\" height=\"683\" src=\"https:\/\/corrientesdetarde.com\/wp-content\/uploads\/2023\/10\/image-408-1024x683.png\" alt=\"\" class=\"wp-image-94704\" srcset=\"https:\/\/corrientesdetarde.com\/wp-content\/uploads\/2023\/10\/image-408-1024x683.png 1024w, https:\/\/corrientesdetarde.com\/wp-content\/uploads\/2023\/10\/image-408-300x200.png 300w, https:\/\/corrientesdetarde.com\/wp-content\/uploads\/2023\/10\/image-408-768x512.png 768w, https:\/\/corrientesdetarde.com\/wp-content\/uploads\/2023\/10\/image-408-1536x1024.png 1536w, https:\/\/corrientesdetarde.com\/wp-content\/uploads\/2023\/10\/image-408.png 1599w\" sizes=\"auto, (max-width: 1024px) 100vw, 1024px\" \/><\/figure>\n\n\n\n<figure class=\"wp-block-image size-large\"><img loading=\"lazy\" decoding=\"async\" width=\"1024\" height=\"683\" src=\"https:\/\/corrientesdetarde.com\/wp-content\/uploads\/2023\/10\/image-409-1024x683.png\" alt=\"\" class=\"wp-image-94705\" srcset=\"https:\/\/corrientesdetarde.com\/wp-content\/uploads\/2023\/10\/image-409-1024x683.png 1024w, https:\/\/corrientesdetarde.com\/wp-content\/uploads\/2023\/10\/image-409-300x200.png 300w, https:\/\/corrientesdetarde.com\/wp-content\/uploads\/2023\/10\/image-409-768x512.png 768w, https:\/\/corrientesdetarde.com\/wp-content\/uploads\/2023\/10\/image-409-1536x1024.png 1536w, https:\/\/corrientesdetarde.com\/wp-content\/uploads\/2023\/10\/image-409.png 1599w\" sizes=\"auto, (max-width: 1024px) 100vw, 1024px\" \/><\/figure>\n\n\n\n<figure class=\"wp-block-image size-large\"><img loading=\"lazy\" decoding=\"async\" width=\"1024\" height=\"683\" src=\"https:\/\/corrientesdetarde.com\/wp-content\/uploads\/2023\/10\/image-410-1024x683.png\" alt=\"\" class=\"wp-image-94706\" srcset=\"https:\/\/corrientesdetarde.com\/wp-content\/uploads\/2023\/10\/image-410-1024x683.png 1024w, https:\/\/corrientesdetarde.com\/wp-content\/uploads\/2023\/10\/image-410-300x200.png 300w, https:\/\/corrientesdetarde.com\/wp-content\/uploads\/2023\/10\/image-410-768x512.png 768w, https:\/\/corrientesdetarde.com\/wp-content\/uploads\/2023\/10\/image-410-1536x1024.png 1536w, https:\/\/corrientesdetarde.com\/wp-content\/uploads\/2023\/10\/image-410.png 1599w\" sizes=\"auto, (max-width: 1024px) 100vw, 1024px\" \/><\/figure>\n\n\n\n<figure class=\"wp-block-image size-large\"><img loading=\"lazy\" decoding=\"async\" width=\"1024\" height=\"683\" src=\"https:\/\/corrientesdetarde.com\/wp-content\/uploads\/2023\/10\/image-411-1024x683.png\" alt=\"\" class=\"wp-image-94707\" srcset=\"https:\/\/corrientesdetarde.com\/wp-content\/uploads\/2023\/10\/image-411-1024x683.png 1024w, https:\/\/corrientesdetarde.com\/wp-content\/uploads\/2023\/10\/image-411-300x200.png 300w, https:\/\/corrientesdetarde.com\/wp-content\/uploads\/2023\/10\/image-411-768x512.png 768w, https:\/\/corrientesdetarde.com\/wp-content\/uploads\/2023\/10\/image-411-1536x1024.png 1536w, https:\/\/corrientesdetarde.com\/wp-content\/uploads\/2023\/10\/image-411.png 1599w\" sizes=\"auto, (max-width: 1024px) 100vw, 1024px\" \/><\/figure>\n","protected":false},"excerpt":{"rendered":"<p>El Gobernador, Gustavo Vald\u00e9s, este jueves dej\u00f3 inauguradas las obras del Hospital Dr. Camilo Muniagurria en la ciudad de Goya. En el lugar, se realiz\u00f3 la refacci\u00f3n integral de la&hellip; <\/p>\n","protected":false},"author":8,"featured_media":94701,"comment_status":"closed","ping_status":"open","sticky":false,"template":"","format":"standard","meta":{"footnotes":""},"categories":[8],"tags":[],"class_list":["post-94698","post","type-post","status-publish","format-standard","has-post-thumbnail","hentry","category-locales"],"_links":{"self":[{"href":"https:\/\/corrientesdetarde.com\/index.php\/wp-json\/wp\/v2\/posts\/94698","targetHints":{"allow":["GET"]}}],"collection":[{"href":"https:\/\/corrientesdetarde.com\/index.php\/wp-json\/wp\/v2\/posts"}],"about":[{"href":"https:\/\/corrientesdetarde.com\/index.php\/wp-json\/wp\/v2\/types\/post"}],"author":[{"embeddable":true,"href":"https:\/\/corrientesdetarde.com\/index.php\/wp-json\/wp\/v2\/users\/8"}],"replies":[{"embeddable":true,"href":"https:\/\/corrientesdetarde.com\/index.php\/wp-json\/wp\/v2\/comments?post=94698"}],"version-history":[{"count":1,"href":"https:\/\/corrientesdetarde.com\/index.php\/wp-json\/wp\/v2\/posts\/94698\/revisions"}],"predecessor-version":[{"id":94708,"href":"https:\/\/corrientesdetarde.com\/index.php\/wp-json\/wp\/v2\/posts\/94698\/revisions\/94708"}],"wp:featuredmedia":[{"embeddable":true,"href":"https:\/\/corrientesdetarde.com\/index.php\/wp-json\/wp\/v2\/media\/94701"}],"wp:attachment":[{"href":"https:\/\/corrientesdetarde.com\/index.php\/wp-json\/wp\/v2\/media?parent=94698"}],"wp:term":[{"taxonomy":"category","embeddable":true,"href":"https:\/\/corrientesdetarde.com\/index.php\/wp-json\/wp\/v2\/categories?post=94698"},{"taxonomy":"post_tag","embeddable":true,"href":"https:\/\/corrientesdetarde.com\/index.php\/wp-json\/wp\/v2\/tags?post=94698"}],"curies":[{"name":"wp","href":"https:\/\/api.w.org\/{rel}","templated":true}]}}