{"id":94729,"date":"2023-10-12T14:32:13","date_gmt":"2023-10-12T17:32:13","guid":{"rendered":"https:\/\/corrientesdetarde.com\/?p=94729"},"modified":"2023-10-12T14:32:25","modified_gmt":"2023-10-12T17:32:25","slug":"bullrich-cerrara-su-campana-en-lomas-de-zamora-es-un-simbolo-de-una-matriz-de-corrupcion","status":"publish","type":"post","link":"https:\/\/corrientesdetarde.com\/index.php\/politica\/bullrich-cerrara-su-campana-en-lomas-de-zamora-es-un-simbolo-de-una-matriz-de-corrupcion\/","title":{"rendered":"Bullrich cerrar\u00e1 su campa\u00f1a en Lomas de Zamora: \u201cEs un s\u00edmbolo de una matriz de corrupci\u00f3n\u201d"},"content":{"rendered":"\n<p>La candidata a presidente de Juntos por el Cambio se refiri\u00f3 a la causa que involucra al ex jefe de Gobierno bonaerense, Mart\u00edn Insaurralde, y dio detalles de su \u00faltimo recorrido previo a las elecciones donde alternar\u00e1 recorridas por el interior del pa\u00eds y la provincia de Buenos Aires.<\/p>\n\n\n\n<p>En medio de la pol\u00e9mica por las causas que involucran a Mart\u00edn Insaurralde por presunto lavado de dinero y enriquecimiento il\u00edcito, la candidata a presidenta de Juntos por el Cambio,\u00a0Patricia Bullrich, confirm\u00f3 que\u00a0<strong>cerrar\u00e1 su\u00a0campa\u00f1a <\/strong><strong>en Lomas de Zamora,<\/strong>\u00a0uno de los puntos fuertes del oficialismo. \u201cEs un s\u00edmbolo de lo que significa una matriz de\u00a0<strong>corrupci\u00f3n\u00a0<\/strong>que hace a\u00f1os viene saqueando el pa\u00eds\u201d, sostuvo.<\/p>\n\n\n\n<p>La l\u00edder del PRO dio detalles de c\u00f3mo ser\u00e1 su \u00faltima recorrida previo a las elecciones del 22 de octubre y se\u00f1al\u00f3 que mantiene como estrategia \u201crecorrer los grandes centro urbanos\u201d.<\/p>\n\n\n\n<p>Bullrich adelant\u00f3 que la pr\u00f3xima semana viajar\u00e1 a R\u00edo Cuarto, al sur de C\u00f3rdoba; a la ciudad santafesina de Venado Tuerto; y estar\u00e1 presente durante un acto del bloque en la Ciudad de Buenos Aires.<\/p>\n\n\n\n<p>Tras completar el recorrido, se trasladar\u00e1 a<strong>\u00a0Lomas de Zamora,\u00a0<\/strong>distrito del intendente en uso de licencia que hoy se encuentra imputado tras sus pol\u00e9micas vacaciones en Marbella. \u201cSer\u00e1 como s\u00edmbolo de lo que significa, no un caso o un error de Martin, como dice Massa,\u00a0<strong>sino una matriz de corrupci\u00f3n que hace a\u00f1os viene saqueando el pa\u00eds\u00a0<\/strong>y que adem\u00e1s sigue\u201d, detall\u00f3 la candidata en di\u00e1logo con\u00a0<em>Radio Mitre.<\/em><\/p>\n\n\n\n<figure class=\"wp-block-image\"><img decoding=\"async\" src=\"https:\/\/tn.com.ar\/resizer\/8vmfU_9gjROX95iohW8u7nw45ig=\/767x0\/smart\/filters:format(webp)\/cloudfront-us-east-1.images.arcpublishing.com\/artear\/F3ATKA4EMFGUHMNYJZGN37DQY4.jpeg\" alt=\"Patricia Bullrich sobre el Yategate: &quot;Es la pornograf\u00eda m\u00e1s brutal de la corrupci\u00f3n kirchnerista&quot; (Foto: TN).\"\/><\/figure>\n\n\n\n<p>Tambi\u00e9n sostuvo que tras el esc\u00e1ndalo de Insaurralde se destaparon \u201clistas de pol\u00edticos peronistas o kirchneristas con cuentas en el exterior\u201d, y critic\u00f3 al ministro de Econom\u00eda por la escalada de la divisa paralela. \u201cMassa duplic\u00f3 el d\u00e9ficit que ten\u00eda Argentina y llev\u00f3 a este d\u00f3lar que hoy quiere reprimir con la Polic\u00eda Federal. Eso muestra la catadura moral de una persona a la que no le importan 46 millones de argentinos con tal de intentar sacar un voto\u201d, expres\u00f3.<\/p>\n\n\n\n<p>Tambi\u00e9n indic\u00f3 que en Argentina\u00a0<strong>\u201ces la primera vez en 40 a\u00f1os que el cambio tiene mas gobernadores que el partido oficialistas\u201d.\u00a0<\/strong>\u201cTenemos una mayor\u00eda parlamentaria que nos va a permitir no tener que andar lidiando con las extorsiones que te llevan a una negociaci\u00f3n y te impiden hacer los cambios\u201d, manifest\u00f3.<\/p>\n\n\n\n<p>Patricia Bullrich cuestion\u00f3 tambi\u00e9n al candidato a presidente por La Libertad Avanza por sus reuniones con el titular de Gastron\u00f3micos. \u201cVemos que a&nbsp;<strong>Milei&nbsp;<\/strong>hoy lo envolvi\u00f3&nbsp;<strong>Barrionuevo<\/strong>, que le paga a los fiscales,<strong>&nbsp;totalmente contrario a lo que fue su campa\u00f1a\u201d.<\/strong><\/p>\n\n\n\n<h2 class=\"wp-block-heading\">La recta final de la campa\u00f1a de Patricia Bullrich<\/h2>\n\n\n\n<p>En la recta final para las elecciones generales, Patricia Bullrich encabez\u00f3 este mi\u00e9rcoles una recorrida por Salta y Tucum\u00e1n, donde fue acompa\u00f1ada por el presidente del PRO y diputado nacional, Federico Angelini; el candidato a diputado nacional y coordinador pol\u00edtico para el interior, Dami\u00e1n Arabia; y distintos intendentes, diputados legisladores y concejales locales.<\/p>\n\n\n\n<figure class=\"wp-block-image\"><img decoding=\"async\" src=\"https:\/\/tn.com.ar\/resizer\/j3MyiNlqjkaXosne5jJL7gqTjl0=\/767x0\/smart\/filters:format(webp)\/cloudfront-us-east-1.images.arcpublishing.com\/artear\/REDVSVQQHBE4DNRC7GJCKDJUCE.jpeg\" alt=\"Patricia Bullrich de recorrida por el Norte en la recta final de la campa\u00f1a. (Foto: Prensa Bullrich)\"\/><\/figure>\n\n\n\n<p>Para este viernes se espera que visite el interior bonaerense, m\u00e1s precisamente en Pergamino, donde adem\u00e1s cuentan con que se sume a la recorrida el expresidente Mauricio Macri. Las \u00faltimas semanas fueron tensas con el l\u00edder del PRO y la actividad conjunta ayudar\u00e1 a mostrar unidad. Tambi\u00e9n participar\u00e1 el candidato a gobernador,\u00a0N\u00e9stor Grindetti, que estuvo y estar\u00e1 en todas las recorridas en PBA. El fin de semana seguir\u00e1 por el conurbano y La Plata.<\/p>\n\n\n\n<p>Para la semana que viene, tambi\u00e9n hay una cargada agenda. El lunes estar\u00e1 dedicado a dar notas en distintos medios y a recorrer la Capital Federal, escoltada por el candidato a jefe de Gobierno porte\u00f1o,&nbsp;<strong>Jorge Macri.<\/strong>&nbsp;Y luego se embarca en una gira federal que la llevar\u00e1 el martes a tres provincias: San Juan, San Luis y Mendoza.<\/p>\n\n\n\n<p>El mi\u00e9rcoles ser\u00e1 el turno de dos provincias que se llevan buena parte del padr\u00f3n electoral:&nbsp;<strong>Santa Fe y C\u00f3rdoba,&nbsp;<\/strong>y el jueves, el cierre oficial de la campa\u00f1a ser\u00e1 en Lomas de Zamora.<\/p>\n","protected":false},"excerpt":{"rendered":"<p>La candidata a presidente de Juntos por el Cambio se refiri\u00f3 a la causa que involucra al ex jefe de Gobierno bonaerense, Mart\u00edn Insaurralde, y dio detalles de su \u00faltimo&hellip; <\/p>\n","protected":false},"author":8,"featured_media":94730,"comment_status":"closed","ping_status":"open","sticky":false,"template":"","format":"standard","meta":{"footnotes":""},"categories":[3],"tags":[],"class_list":["post-94729","post","type-post","status-publish","format-standard","has-post-thumbnail","hentry","category-politica"],"_links":{"self":[{"href":"https:\/\/corrientesdetarde.com\/index.php\/wp-json\/wp\/v2\/posts\/94729","targetHints":{"allow":["GET"]}}],"collection":[{"href":"https:\/\/corrientesdetarde.com\/index.php\/wp-json\/wp\/v2\/posts"}],"about":[{"href":"https:\/\/corrientesdetarde.com\/index.php\/wp-json\/wp\/v2\/types\/post"}],"author":[{"embeddable":true,"href":"https:\/\/corrientesdetarde.com\/index.php\/wp-json\/wp\/v2\/users\/8"}],"replies":[{"embeddable":true,"href":"https:\/\/corrientesdetarde.com\/index.php\/wp-json\/wp\/v2\/comments?post=94729"}],"version-history":[{"count":1,"href":"https:\/\/corrientesdetarde.com\/index.php\/wp-json\/wp\/v2\/posts\/94729\/revisions"}],"predecessor-version":[{"id":94731,"href":"https:\/\/corrientesdetarde.com\/index.php\/wp-json\/wp\/v2\/posts\/94729\/revisions\/94731"}],"wp:featuredmedia":[{"embeddable":true,"href":"https:\/\/corrientesdetarde.com\/index.php\/wp-json\/wp\/v2\/media\/94730"}],"wp:attachment":[{"href":"https:\/\/corrientesdetarde.com\/index.php\/wp-json\/wp\/v2\/media?parent=94729"}],"wp:term":[{"taxonomy":"category","embeddable":true,"href":"https:\/\/corrientesdetarde.com\/index.php\/wp-json\/wp\/v2\/categories?post=94729"},{"taxonomy":"post_tag","embeddable":true,"href":"https:\/\/corrientesdetarde.com\/index.php\/wp-json\/wp\/v2\/tags?post=94729"}],"curies":[{"name":"wp","href":"https:\/\/api.w.org\/{rel}","templated":true}]}}