{"id":94741,"date":"2023-10-12T16:01:51","date_gmt":"2023-10-12T19:01:51","guid":{"rendered":"https:\/\/corrientesdetarde.com\/?p=94741"},"modified":"2023-10-12T16:02:02","modified_gmt":"2023-10-12T19:02:02","slug":"valdes-continua-entregando-notebooks-para-revolucionar-la-educacion-publica-y-gratuita-de-todos-los-correntinos","status":"publish","type":"post","link":"https:\/\/corrientesdetarde.com\/index.php\/locales\/valdes-continua-entregando-notebooks-para-revolucionar-la-educacion-publica-y-gratuita-de-todos-los-correntinos\/","title":{"rendered":"Vald\u00e9s contin\u00faa entregando notebooks, \u201cpara revolucionar la educaci\u00f3n p\u00fablica y gratuita de todos los correntinos\u201d"},"content":{"rendered":"\n<p>Acompa\u00f1ado por el intendente Mariano Hormaechea, el gobernador Gustavo Vald\u00e9s presidi\u00f3 este jueves la entrega de 637 notebooks a cuatro instituciones educativas de la ciudad de Goya, en un acto desarrollado en la Asociaci\u00f3n Deportiva \u201cJuventud Norte\u00f1a\u201d local. El mandatario sostuvo que el programa Incluir Futuro \u201ces un hito en la educaci\u00f3n p\u00fablica\u201d y detall\u00f3 que en la comuna ya se entregaron m\u00e1s de tres mil dispositivos, por parte del Gobierno provincial.<\/p>\n\n\n\n<p>Mediante este plan, por el cual se provee de &nbsp;computadoras a estudiantes secundarios en toda la provincia, se apunta a revolucionar la forma de educar a los tiempos que corren, achicando la brecha digital y brindando igualdad de oportunidades, tanto en las ciudades m\u00e1s urbanizadas como en las zonas rurales, ratificando el permanente compromiso con la educaci\u00f3n p\u00fablica.<\/p>\n\n\n\n<p>En esta oportunidad, los establecimientos beneficiados con la entrega fueron, el Colegio \u201cMagdalena G\u00fcemes de Tejada\u201d (122), y las escuelas: Normal \u201cMariano I. Loza\u201d (151), m\u00e1s las T\u00e9cnicas \u201cArquitecto Francisco Pinaroli\u201d (120) y \u201cValent\u00edn Virasoro\u201d (244).<\/p>\n\n\n\n<p>El acto tuvo lugar en las instalaciones de la mencionada Asociaci\u00f3n, sita en calle Belgrano 459 de la ciudad de Goya. Durante la ceremonia, se entonaron las estrofas del Himno Nacional Argentino y se emitieron palabras de agradecimiento por parte de la rectora de la Escuela T\u00e9cnica &#8220;Francisco Pinaroli&#8221;, Lydia Mochia, y el alumno Natanael Mart\u00ednez, del primer a\u00f1o de la misma instituci\u00f3n.<\/p>\n\n\n\n<p><strong>Gobernador Vald\u00e9s<\/strong><\/p>\n\n\n\n<p>&nbsp;\u201cIncluir Futuro no es solamente entregar una computadora, es tambi\u00e9n otorgar una herramienta para acceder a los contenidos de Educa Play. Es una gu\u00eda para los docentes, fundamental para lograr uniformidad en los criterios de ense\u00f1anza. Que todos los alumnos, est\u00e9n en donde est\u00e9n tengan la misma calidad educativa y dinamismo en las clases\u201d, expres\u00f3 a manera de introducci\u00f3n el gobernador Gustavo Vald\u00e9s, destacando que dichos contenidos sean \u201cgenerados por nuestros docentes correntinos, generando una revoluci\u00f3n en la forma de educar\u201d.<\/p>\n\n\n\n<p>Seguidamente, el mandatario puso de relieve que los alumnos llevan las computadoras a sus casas, para as\u00ed poder acceder a los contenidos de internet donde se encuentra el 92% del conocimiento humano y pidi\u00f3 a los alumnos usarlas con responsabilidad, en un \u201cmundo distintos, donde todo es hoy 2.0\u201d.<\/p>\n\n\n\n<p>Continuando, el titular del ejecutivo provincial coment\u00f3 que a trav\u00e9s de Telco, la Provincia lleva fibra \u00f3ptica a las escuelas, para que las mismas&nbsp; tengan 100 megas de ingreso y 100 de salida y as\u00ed las computadoras pueden ser usadas con normalidad, sobrellevando el transporte de datos.<\/p>\n\n\n\n<p>En tanto, el gobernador resalt\u00f3 la importancia que los alumnos empiecen a innovar en programaci\u00f3n. \u201cQueremos que ingresen a lo que llamamos la econom\u00eda del conocimiento. Que puedan programar y trabajar, en este caso desde Goya, conect\u00e1ndose con cualquier lugar del mundo, con la posibilidad de lograr importantes sueldos\u201d, asever\u00f3 al respecto.<\/p>\n\n\n\n<p>En otro tramo de su discurso, Vald\u00e9s subray\u00f3 que la Provincia ya entreg\u00f3 alrededor de 3.000 computadoras en Goya, abarcando al segundo, tercer y cuarto a\u00f1o y garantiz\u00f3 que la semana que viene se va a completar a los alumnos de primer a\u00f1o.<\/p>\n\n\n\n<p>Con \u00e9nfasis, Vald\u00e9s asegur\u00f3 que el a\u00f1o pr\u00f3ximos, todos los alumnos de los establecimientos secundarios estatales van a tener sus computadoras, para lo cual la entrega se va a completar con primero y sexto a\u00f1o.<\/p>\n\n\n\n<p>\u201cVa a ser un hito ya que los j\u00f3venes van a contar con las computadoras y los contenidos digitales para revolucionar la educaci\u00f3n p\u00fablica y gratuita de todos los correntinos\u201d, finaliz\u00f3 afirmando el gobernador.<\/p>\n\n\n\n<p><strong>Intendente Hormaechea<\/strong><\/p>\n\n\n\n<p>\u201cArrancamos una jornada con actos sobre tres tem\u00e1ticas fundamentales: educaci\u00f3n, salud y seguridad. Estamos contentos por seguir avanzando en el desarrollo del municipio y de la provincia\u201d, comenz\u00f3 diciendo el intendente Mariano Hormaechea.<\/p>\n\n\n\n<p>El jefe comunal consider\u00f3 importantes las notebooks entregadas porque \u201cson las herramientas que la sociedad necesita\u201d, remarcando que, al poder acceder con ellas a contenidos hechos en Corrientes, \u201ctrabajan la identidad de los correntinos\u201d.<\/p>\n\n\n\n<p>Cerr\u00f3 su discurso dejando en claro el acompa\u00f1amiento al Gobierno provincial y al sector educativo.<\/p>\n\n\n\n<p><strong>Ministra Pr\u00e1xedes L\u00f3pez<\/strong><\/p>\n\n\n\n<p>Por su parte, la ministra de Educaci\u00f3n&nbsp;Pr\u00e1xedes L\u00f3pez, indic\u00f3 que&nbsp;mediante&nbsp;el programa Incluir Futuro, que implica&nbsp;la entrega de una notebook a cada alumno&nbsp;de la escuela secundaria,&nbsp;toda&nbsp;la matricula del primer a\u00f1o de las instituciones escolares de Goya, ya cuentan con sus computadoras.<\/p>\n\n\n\n<p>\u201cEste es el camino, van a tener una gran herramienta que va a transformar la vida de ustedes, y con esto se les va abrir la ventana al conocimiento\u201d, remarc\u00f3 la titular de la cartera educativa, refiri\u00e9ndose a los alumnos presentes.<\/p>\n\n\n\n<p><strong>Presencias<\/strong><\/p>\n\n\n\n<p>Acompa\u00f1aron a las autoridades mencionadas, la diputada nacional Ingrid Jetter; los ministros de Coordinaci\u00f3n, Miguel Olivieri; de Desarrollo Social, Ad\u00e1n Gaya; de Justicia, Juan Jos\u00e9 L\u00f3pez Desimoni; el presidente de la C\u00e1mara de Diputados de la Provincia, Pedro Cassani, y el director general de Nivel Secundario, Sergio Guti\u00e9rrez, entre otros.<\/p>\n\n\n\n<figure class=\"wp-block-image size-large\"><img loading=\"lazy\" decoding=\"async\" width=\"1024\" height=\"682\" src=\"https:\/\/corrientesdetarde.com\/wp-content\/uploads\/2023\/10\/image-432-1024x682.png\" alt=\"\" class=\"wp-image-94743\" srcset=\"https:\/\/corrientesdetarde.com\/wp-content\/uploads\/2023\/10\/image-432-1024x682.png 1024w, https:\/\/corrientesdetarde.com\/wp-content\/uploads\/2023\/10\/image-432-300x200.png 300w, https:\/\/corrientesdetarde.com\/wp-content\/uploads\/2023\/10\/image-432-768x512.png 768w, https:\/\/corrientesdetarde.com\/wp-content\/uploads\/2023\/10\/image-432.png 1280w\" sizes=\"auto, (max-width: 1024px) 100vw, 1024px\" \/><\/figure>\n\n\n\n<figure class=\"wp-block-image size-large\"><img loading=\"lazy\" decoding=\"async\" width=\"1024\" height=\"682\" src=\"https:\/\/corrientesdetarde.com\/wp-content\/uploads\/2023\/10\/image-431-1024x682.png\" alt=\"\" class=\"wp-image-94742\" srcset=\"https:\/\/corrientesdetarde.com\/wp-content\/uploads\/2023\/10\/image-431-1024x682.png 1024w, https:\/\/corrientesdetarde.com\/wp-content\/uploads\/2023\/10\/image-431-300x200.png 300w, https:\/\/corrientesdetarde.com\/wp-content\/uploads\/2023\/10\/image-431-768x512.png 768w, https:\/\/corrientesdetarde.com\/wp-content\/uploads\/2023\/10\/image-431.png 1280w\" sizes=\"auto, (max-width: 1024px) 100vw, 1024px\" \/><\/figure>\n\n\n\n<figure class=\"wp-block-image size-large\"><img loading=\"lazy\" decoding=\"async\" width=\"1024\" height=\"682\" src=\"https:\/\/corrientesdetarde.com\/wp-content\/uploads\/2023\/10\/image-433-1024x682.png\" alt=\"\" class=\"wp-image-94744\" srcset=\"https:\/\/corrientesdetarde.com\/wp-content\/uploads\/2023\/10\/image-433-1024x682.png 1024w, https:\/\/corrientesdetarde.com\/wp-content\/uploads\/2023\/10\/image-433-300x200.png 300w, https:\/\/corrientesdetarde.com\/wp-content\/uploads\/2023\/10\/image-433-768x512.png 768w, https:\/\/corrientesdetarde.com\/wp-content\/uploads\/2023\/10\/image-433.png 1280w\" sizes=\"auto, (max-width: 1024px) 100vw, 1024px\" \/><\/figure>\n\n\n\n<figure class=\"wp-block-image size-large\"><img loading=\"lazy\" decoding=\"async\" width=\"1024\" height=\"682\" src=\"https:\/\/corrientesdetarde.com\/wp-content\/uploads\/2023\/10\/image-434-1024x682.png\" alt=\"\" class=\"wp-image-94745\" srcset=\"https:\/\/corrientesdetarde.com\/wp-content\/uploads\/2023\/10\/image-434-1024x682.png 1024w, https:\/\/corrientesdetarde.com\/wp-content\/uploads\/2023\/10\/image-434-300x200.png 300w, https:\/\/corrientesdetarde.com\/wp-content\/uploads\/2023\/10\/image-434-768x512.png 768w, https:\/\/corrientesdetarde.com\/wp-content\/uploads\/2023\/10\/image-434.png 1280w\" sizes=\"auto, (max-width: 1024px) 100vw, 1024px\" \/><\/figure>\n\n\n\n<figure class=\"wp-block-image size-large\"><img loading=\"lazy\" decoding=\"async\" width=\"1024\" height=\"682\" src=\"https:\/\/corrientesdetarde.com\/wp-content\/uploads\/2023\/10\/image-436-1024x682.png\" alt=\"\" class=\"wp-image-94747\" srcset=\"https:\/\/corrientesdetarde.com\/wp-content\/uploads\/2023\/10\/image-436-1024x682.png 1024w, https:\/\/corrientesdetarde.com\/wp-content\/uploads\/2023\/10\/image-436-300x200.png 300w, https:\/\/corrientesdetarde.com\/wp-content\/uploads\/2023\/10\/image-436-768x512.png 768w, https:\/\/corrientesdetarde.com\/wp-content\/uploads\/2023\/10\/image-436.png 1280w\" sizes=\"auto, (max-width: 1024px) 100vw, 1024px\" \/><\/figure>\n\n\n\n<figure class=\"wp-block-image size-large\"><img loading=\"lazy\" decoding=\"async\" width=\"1024\" height=\"682\" src=\"https:\/\/corrientesdetarde.com\/wp-content\/uploads\/2023\/10\/image-437-1024x682.png\" alt=\"\" class=\"wp-image-94748\" srcset=\"https:\/\/corrientesdetarde.com\/wp-content\/uploads\/2023\/10\/image-437-1024x682.png 1024w, https:\/\/corrientesdetarde.com\/wp-content\/uploads\/2023\/10\/image-437-300x200.png 300w, https:\/\/corrientesdetarde.com\/wp-content\/uploads\/2023\/10\/image-437-768x512.png 768w, https:\/\/corrientesdetarde.com\/wp-content\/uploads\/2023\/10\/image-437.png 1280w\" sizes=\"auto, (max-width: 1024px) 100vw, 1024px\" \/><\/figure>\n\n\n\n<figure class=\"wp-block-image size-large\"><img loading=\"lazy\" decoding=\"async\" width=\"1024\" height=\"682\" src=\"https:\/\/corrientesdetarde.com\/wp-content\/uploads\/2023\/10\/image-438-1024x682.png\" alt=\"\" class=\"wp-image-94749\" srcset=\"https:\/\/corrientesdetarde.com\/wp-content\/uploads\/2023\/10\/image-438-1024x682.png 1024w, https:\/\/corrientesdetarde.com\/wp-content\/uploads\/2023\/10\/image-438-300x200.png 300w, https:\/\/corrientesdetarde.com\/wp-content\/uploads\/2023\/10\/image-438-768x512.png 768w, https:\/\/corrientesdetarde.com\/wp-content\/uploads\/2023\/10\/image-438.png 1280w\" sizes=\"auto, (max-width: 1024px) 100vw, 1024px\" \/><\/figure>\n\n\n\n<figure class=\"wp-block-image size-large\"><img loading=\"lazy\" decoding=\"async\" width=\"1024\" height=\"682\" src=\"https:\/\/corrientesdetarde.com\/wp-content\/uploads\/2023\/10\/image-439-1024x682.png\" alt=\"\" class=\"wp-image-94750\" srcset=\"https:\/\/corrientesdetarde.com\/wp-content\/uploads\/2023\/10\/image-439-1024x682.png 1024w, https:\/\/corrientesdetarde.com\/wp-content\/uploads\/2023\/10\/image-439-300x200.png 300w, https:\/\/corrientesdetarde.com\/wp-content\/uploads\/2023\/10\/image-439-768x512.png 768w, https:\/\/corrientesdetarde.com\/wp-content\/uploads\/2023\/10\/image-439.png 1280w\" sizes=\"auto, (max-width: 1024px) 100vw, 1024px\" \/><\/figure>\n\n\n\n<figure class=\"wp-block-image size-large\"><img loading=\"lazy\" decoding=\"async\" width=\"1024\" height=\"682\" src=\"https:\/\/corrientesdetarde.com\/wp-content\/uploads\/2023\/10\/image-440-1024x682.png\" alt=\"\" class=\"wp-image-94751\" srcset=\"https:\/\/corrientesdetarde.com\/wp-content\/uploads\/2023\/10\/image-440-1024x682.png 1024w, https:\/\/corrientesdetarde.com\/wp-content\/uploads\/2023\/10\/image-440-300x200.png 300w, https:\/\/corrientesdetarde.com\/wp-content\/uploads\/2023\/10\/image-440-768x512.png 768w, https:\/\/corrientesdetarde.com\/wp-content\/uploads\/2023\/10\/image-440.png 1280w\" sizes=\"auto, (max-width: 1024px) 100vw, 1024px\" \/><\/figure>\n","protected":false},"excerpt":{"rendered":"<p>Acompa\u00f1ado por el intendente Mariano Hormaechea, el gobernador Gustavo Vald\u00e9s presidi\u00f3 este jueves la entrega de 637 notebooks a cuatro instituciones educativas de la ciudad de Goya, en un acto&hellip; <\/p>\n","protected":false},"author":8,"featured_media":94746,"comment_status":"closed","ping_status":"open","sticky":false,"template":"","format":"standard","meta":{"footnotes":""},"categories":[8],"tags":[],"class_list":["post-94741","post","type-post","status-publish","format-standard","has-post-thumbnail","hentry","category-locales"],"_links":{"self":[{"href":"https:\/\/corrientesdetarde.com\/index.php\/wp-json\/wp\/v2\/posts\/94741","targetHints":{"allow":["GET"]}}],"collection":[{"href":"https:\/\/corrientesdetarde.com\/index.php\/wp-json\/wp\/v2\/posts"}],"about":[{"href":"https:\/\/corrientesdetarde.com\/index.php\/wp-json\/wp\/v2\/types\/post"}],"author":[{"embeddable":true,"href":"https:\/\/corrientesdetarde.com\/index.php\/wp-json\/wp\/v2\/users\/8"}],"replies":[{"embeddable":true,"href":"https:\/\/corrientesdetarde.com\/index.php\/wp-json\/wp\/v2\/comments?post=94741"}],"version-history":[{"count":1,"href":"https:\/\/corrientesdetarde.com\/index.php\/wp-json\/wp\/v2\/posts\/94741\/revisions"}],"predecessor-version":[{"id":94752,"href":"https:\/\/corrientesdetarde.com\/index.php\/wp-json\/wp\/v2\/posts\/94741\/revisions\/94752"}],"wp:featuredmedia":[{"embeddable":true,"href":"https:\/\/corrientesdetarde.com\/index.php\/wp-json\/wp\/v2\/media\/94746"}],"wp:attachment":[{"href":"https:\/\/corrientesdetarde.com\/index.php\/wp-json\/wp\/v2\/media?parent=94741"}],"wp:term":[{"taxonomy":"category","embeddable":true,"href":"https:\/\/corrientesdetarde.com\/index.php\/wp-json\/wp\/v2\/categories?post=94741"},{"taxonomy":"post_tag","embeddable":true,"href":"https:\/\/corrientesdetarde.com\/index.php\/wp-json\/wp\/v2\/tags?post=94741"}],"curies":[{"name":"wp","href":"https:\/\/api.w.org\/{rel}","templated":true}]}}