{"id":9476,"date":"2022-10-07T17:44:20","date_gmt":"2022-10-07T20:44:20","guid":{"rendered":"https:\/\/corrientesdetarde.com\/?p=9476"},"modified":"2022-10-07T17:44:25","modified_gmt":"2022-10-07T20:44:25","slug":"jorge-rivolta-dejo-de-ser-el-secretario-de-trabajo-de-la-provincia","status":"publish","type":"post","link":"https:\/\/corrientesdetarde.com\/index.php\/politica\/jorge-rivolta-dejo-de-ser-el-secretario-de-trabajo-de-la-provincia\/","title":{"rendered":"Jorge Rivolta dej\u00f3 de ser el secretario de Trabajo de la provincia."},"content":{"rendered":"\n<h2 class=\"wp-block-heading\">Se conoci\u00f3 que dej\u00f3 su cargo como funcionario y es reemplazado moment\u00e1neamente por Juan David Rajoy, quien se desempe\u00f1a como director de Empleo.<\/h2>\n\n\n\n<p>En las \u00faltimas horas, el ahora exsecretario de Trabajo de Corrientes, Jorge Rivolta, dej\u00f3 su cargo por motivos personales. Si bien todav\u00eda no se conocen mayores detalles sobre este cambio, este medio logr\u00f3 conocer que moment\u00e1neamente Juan David Rajoy, quien ocupa el cargo de director de Empleo, ser\u00e1 quien lo reemplaza provisoriamente.<\/p>\n\n\n\n<p>\u00a0Se espera que con el transcurrir de los d\u00edas se pueda conocer qui\u00e9n ocupar\u00e1 definitivamente el cargo.<\/p>\n\n\n\n<p>Otro dato a tener en cuenta es que en dos de sus redes sociales contin\u00faa figurando con el cargo que ocupaba, mientras que en Instagram su biograf\u00eda ya fue actualizada a ex secretario de Trabajo.<\/p>\n\n\n\n<p>Una de las \u00faltimas actividades p\u00fablicas que realiz\u00f3 Rivolta fue el pasado 9 de julio, cuando mantuvo un encuentro con representantes de la UPCN, secci\u00f3n de Corrientes, y la mesa directiva nacional para coordinar futuras capacitaciones y formaci\u00f3n profesional en materia de medidas de prevenci\u00f3n, seguridad e higiene laboral.<\/p>\n\n\n\n<p>Casi una d\u00e9cada en el cargo<\/p>\n\n\n\n<p><br>Vale recordar que Rivolta asumi\u00f3 el 21 de febrero del 2014. Entonces, Rivolta asegur\u00f3 su compromiso para llevar adelante la cartera. &#8220;Estamos con un equipo totalmente joven y eso nos moviliza&#8221;, hab\u00eda expresado a un medio del interior de Corrientes.<\/p>\n\n\n\n<p>Asimismo, agradeci\u00f3 al Gobernador de ese entonces por el respaldo dentro del gobierno para ser parte del Gabinete.<\/p>\n\n\n\n<p>Un a\u00f1o m\u00e1s tarde alcanz\u00f3 la presidencia de la secci\u00f3n 1 (circuito 1, 2 y 4) del comit\u00e9 capitalino de la Uni\u00f3n C\u00edvica Radical.<\/p>\n\n\n\n<p>En ese entonces, Rivolta marc\u00f3 un objetivo claro: &#8220;Trabajar para resolver las inquietudes de todos los vecinos y recuperar la capital&#8221;, lo que finalmente ocurri\u00f3 en 2017 cuando Eduardo Tassano fue electo Intendente.<\/p>\n","protected":false},"excerpt":{"rendered":"<p>Se conoci\u00f3 que dej\u00f3 su cargo como funcionario y es reemplazado moment\u00e1neamente por Juan David Rajoy, quien se desempe\u00f1a como director de Empleo. En las \u00faltimas horas, el ahora exsecretario&hellip; <\/p>\n","protected":false},"author":6,"featured_media":9477,"comment_status":"closed","ping_status":"open","sticky":false,"template":"","format":"standard","meta":{"footnotes":""},"categories":[3],"tags":[],"class_list":["post-9476","post","type-post","status-publish","format-standard","has-post-thumbnail","hentry","category-politica"],"_links":{"self":[{"href":"https:\/\/corrientesdetarde.com\/index.php\/wp-json\/wp\/v2\/posts\/9476","targetHints":{"allow":["GET"]}}],"collection":[{"href":"https:\/\/corrientesdetarde.com\/index.php\/wp-json\/wp\/v2\/posts"}],"about":[{"href":"https:\/\/corrientesdetarde.com\/index.php\/wp-json\/wp\/v2\/types\/post"}],"author":[{"embeddable":true,"href":"https:\/\/corrientesdetarde.com\/index.php\/wp-json\/wp\/v2\/users\/6"}],"replies":[{"embeddable":true,"href":"https:\/\/corrientesdetarde.com\/index.php\/wp-json\/wp\/v2\/comments?post=9476"}],"version-history":[{"count":1,"href":"https:\/\/corrientesdetarde.com\/index.php\/wp-json\/wp\/v2\/posts\/9476\/revisions"}],"predecessor-version":[{"id":9478,"href":"https:\/\/corrientesdetarde.com\/index.php\/wp-json\/wp\/v2\/posts\/9476\/revisions\/9478"}],"wp:featuredmedia":[{"embeddable":true,"href":"https:\/\/corrientesdetarde.com\/index.php\/wp-json\/wp\/v2\/media\/9477"}],"wp:attachment":[{"href":"https:\/\/corrientesdetarde.com\/index.php\/wp-json\/wp\/v2\/media?parent=9476"}],"wp:term":[{"taxonomy":"category","embeddable":true,"href":"https:\/\/corrientesdetarde.com\/index.php\/wp-json\/wp\/v2\/categories?post=9476"},{"taxonomy":"post_tag","embeddable":true,"href":"https:\/\/corrientesdetarde.com\/index.php\/wp-json\/wp\/v2\/tags?post=9476"}],"curies":[{"name":"wp","href":"https:\/\/api.w.org\/{rel}","templated":true}]}}