{"id":94773,"date":"2023-10-12T16:55:31","date_gmt":"2023-10-12T19:55:31","guid":{"rendered":"https:\/\/corrientesdetarde.com\/?p=94773"},"modified":"2023-10-12T16:55:43","modified_gmt":"2023-10-12T19:55:43","slug":"exposicion-y-venta-de-manos-pora","status":"publish","type":"post","link":"https:\/\/corrientesdetarde.com\/index.php\/sociales\/exposicion-y-venta-de-manos-pora\/","title":{"rendered":"Exposici\u00f3n y venta de Manos Por\u00e1"},"content":{"rendered":"\n<p>Este jueves 12, en las instalaciones del Ministerio de Desarrollo Social de la provincia sito en Murcia 59 del B Apip\u00e9 , se llev\u00f3 a cabo una exposici\u00f3n y venta de productos artesanales con motivo de la proximidad del d\u00eda de la Madre.<\/p>\n\n\n\n<p>La exposici\u00f3n estuvo a cargo del Programa Manos Por\u00e1 dependiente de la Direcci\u00f3n de Seguridad Alimentaria a cargo del Dr. Lucas Carballo.<\/p>\n\n\n\n<p>Entre los productos expuestos&nbsp;hab\u00edan plantines de suculentas y cactus, escarpines, mantas, gorros, manteles, almohadones , monederos, portacosm\u00e9ticos, set de equipos materos, reciclados en latas y botellas decorativas.<\/p>\n\n\n\n<p>El Programa Manos Por\u00e1 se encuentra trabajando actualmente en unas treinta bases con 500 mujeres participantes bajo la Coordinaci\u00f3n de Nilda Cardozo.<\/p>\n\n\n\n<figure class=\"wp-block-image size-large\"><img loading=\"lazy\" decoding=\"async\" width=\"768\" height=\"1024\" src=\"https:\/\/corrientesdetarde.com\/wp-content\/uploads\/2023\/10\/image-449-768x1024.png\" alt=\"\" class=\"wp-image-94776\" srcset=\"https:\/\/corrientesdetarde.com\/wp-content\/uploads\/2023\/10\/image-449-768x1024.png 768w, https:\/\/corrientesdetarde.com\/wp-content\/uploads\/2023\/10\/image-449-225x300.png 225w, https:\/\/corrientesdetarde.com\/wp-content\/uploads\/2023\/10\/image-449-1152x1536.png 1152w, https:\/\/corrientesdetarde.com\/wp-content\/uploads\/2023\/10\/image-449.png 1200w\" sizes=\"auto, (max-width: 768px) 100vw, 768px\" \/><\/figure>\n\n\n\n<figure class=\"wp-block-image size-large\"><img loading=\"lazy\" decoding=\"async\" width=\"768\" height=\"1024\" src=\"https:\/\/corrientesdetarde.com\/wp-content\/uploads\/2023\/10\/image-450-768x1024.png\" alt=\"\" class=\"wp-image-94777\" srcset=\"https:\/\/corrientesdetarde.com\/wp-content\/uploads\/2023\/10\/image-450-768x1024.png 768w, https:\/\/corrientesdetarde.com\/wp-content\/uploads\/2023\/10\/image-450-225x300.png 225w, https:\/\/corrientesdetarde.com\/wp-content\/uploads\/2023\/10\/image-450-1152x1536.png 1152w, https:\/\/corrientesdetarde.com\/wp-content\/uploads\/2023\/10\/image-450.png 1200w\" sizes=\"auto, (max-width: 768px) 100vw, 768px\" \/><\/figure>\n\n\n\n<figure class=\"wp-block-image size-large\"><img loading=\"lazy\" decoding=\"async\" width=\"1024\" height=\"768\" src=\"https:\/\/corrientesdetarde.com\/wp-content\/uploads\/2023\/10\/image-448-1024x768.png\" alt=\"\" class=\"wp-image-94774\" srcset=\"https:\/\/corrientesdetarde.com\/wp-content\/uploads\/2023\/10\/image-448-1024x768.png 1024w, https:\/\/corrientesdetarde.com\/wp-content\/uploads\/2023\/10\/image-448-300x225.png 300w, https:\/\/corrientesdetarde.com\/wp-content\/uploads\/2023\/10\/image-448-768x576.png 768w, https:\/\/corrientesdetarde.com\/wp-content\/uploads\/2023\/10\/image-448.png 1040w\" sizes=\"auto, (max-width: 1024px) 100vw, 1024px\" \/><\/figure>\n","protected":false},"excerpt":{"rendered":"<p>Este jueves 12, en las instalaciones del Ministerio de Desarrollo Social de la provincia sito en Murcia 59 del B Apip\u00e9 , se llev\u00f3 a cabo una exposici\u00f3n y venta&hellip; <\/p>\n","protected":false},"author":8,"featured_media":94775,"comment_status":"closed","ping_status":"open","sticky":false,"template":"","format":"standard","meta":{"footnotes":""},"categories":[17],"tags":[],"class_list":["post-94773","post","type-post","status-publish","format-standard","has-post-thumbnail","hentry","category-sociales"],"_links":{"self":[{"href":"https:\/\/corrientesdetarde.com\/index.php\/wp-json\/wp\/v2\/posts\/94773","targetHints":{"allow":["GET"]}}],"collection":[{"href":"https:\/\/corrientesdetarde.com\/index.php\/wp-json\/wp\/v2\/posts"}],"about":[{"href":"https:\/\/corrientesdetarde.com\/index.php\/wp-json\/wp\/v2\/types\/post"}],"author":[{"embeddable":true,"href":"https:\/\/corrientesdetarde.com\/index.php\/wp-json\/wp\/v2\/users\/8"}],"replies":[{"embeddable":true,"href":"https:\/\/corrientesdetarde.com\/index.php\/wp-json\/wp\/v2\/comments?post=94773"}],"version-history":[{"count":1,"href":"https:\/\/corrientesdetarde.com\/index.php\/wp-json\/wp\/v2\/posts\/94773\/revisions"}],"predecessor-version":[{"id":94778,"href":"https:\/\/corrientesdetarde.com\/index.php\/wp-json\/wp\/v2\/posts\/94773\/revisions\/94778"}],"wp:featuredmedia":[{"embeddable":true,"href":"https:\/\/corrientesdetarde.com\/index.php\/wp-json\/wp\/v2\/media\/94775"}],"wp:attachment":[{"href":"https:\/\/corrientesdetarde.com\/index.php\/wp-json\/wp\/v2\/media?parent=94773"}],"wp:term":[{"taxonomy":"category","embeddable":true,"href":"https:\/\/corrientesdetarde.com\/index.php\/wp-json\/wp\/v2\/categories?post=94773"},{"taxonomy":"post_tag","embeddable":true,"href":"https:\/\/corrientesdetarde.com\/index.php\/wp-json\/wp\/v2\/tags?post=94773"}],"curies":[{"name":"wp","href":"https:\/\/api.w.org\/{rel}","templated":true}]}}