{"id":9480,"date":"2022-10-07T18:16:35","date_gmt":"2022-10-07T21:16:35","guid":{"rendered":"https:\/\/corrientesdetarde.com\/?p=9480"},"modified":"2022-10-07T18:16:39","modified_gmt":"2022-10-07T21:16:39","slug":"mucho-mas-que-palabras-el-holocausto-expuesto-en-la-unne","status":"publish","type":"post","link":"https:\/\/corrientesdetarde.com\/index.php\/locales\/mucho-mas-que-palabras-el-holocausto-expuesto-en-la-unne\/","title":{"rendered":"&#8220;Mucho m\u00e1s que palabras&#8221;: el Holocausto expuesto en la UNNE."},"content":{"rendered":"\n<p>Un acto cargado de emotividad se vivi\u00f3 en la sala del Consejo Superior de la UNNE. Reflexiones sobre el holocausto se conjugaron en un duro pero necesario ejercicio de reconstrucci\u00f3n colectiva de la memoria. El nexo art\u00edstico: una destacada muestra sobre la Sho\u00e1 realizada por alumnos de Taller de 3er a\u00f1o de\u00a0Dise\u00f1o Gr\u00e1fico de la UNNE.<\/p>\n\n\n\n<p>Con el nombre Primeras Jornadas Reflexivas: Las lecciones de historia que no hemos aprendido&#8221;, la UNNE abri\u00f3 un espacio para la memoria del Holocausto, cuya acepci\u00f3n hebrea se traduce en Sho\u00e1; se sum\u00f3 al acto, un emotivo homenaje post mortem al doctor H\u00e9ctor Zimerman, qui\u00e9n en vida, estuvo al frente de la C\u00e1tedra Libre de Derechos Humanos, Genocidio y Holocausto de la UNNE, adem\u00e1s de la muestra de dise\u00f1o &#8220;Mucho m\u00e1s que palabras&#8221;, como expresi\u00f3n de la tem\u00e1tica y conector de la memoria activa en las nuevas generaciones.<\/p>\n\n\n\n<figure class=\"wp-block-image size-full\"><img loading=\"lazy\" decoding=\"async\" width=\"850\" height=\"566\" src=\"https:\/\/corrientesdetarde.com\/wp-content\/uploads\/2022\/10\/177793w850h566c.jpg.webp\" alt=\"\" class=\"wp-image-9483\" srcset=\"https:\/\/corrientesdetarde.com\/wp-content\/uploads\/2022\/10\/177793w850h566c.jpg.webp 850w, https:\/\/corrientesdetarde.com\/wp-content\/uploads\/2022\/10\/177793w850h566c.jpg-300x200.webp 300w, https:\/\/corrientesdetarde.com\/wp-content\/uploads\/2022\/10\/177793w850h566c.jpg-768x511.webp 768w, https:\/\/corrientesdetarde.com\/wp-content\/uploads\/2022\/10\/177793w850h566c.jpg-272x182.webp 272w\" sizes=\"auto, (max-width: 850px) 100vw, 850px\" \/><\/figure>\n\n\n\n<p>La actividad cont\u00f3 con la presencia de autoridades universitarias entre ellos, Secretarios Generales de Extensi\u00f3n, Patricio Gonz\u00e1lez; Acad\u00e9mica, Patricia Demuth; Administrativa, Anal\u00eda Falc\u00f3n y de Legal y T\u00e9cnica, Fabrizio Sartori. Dijeron tambi\u00e9n presente, la directora del Centro Cultural Universitario de la UNNE, Maia Eirin, subsecretarios, docentes y comunidad universitaria en general. Se sumaron, el director de la Escuela de Gobierno de Corrientes, Gustavo Rodr\u00edguez, los familiares directos de exvicerrector de la UNNE y exdecano de la Facultad de Derecho, Ciencias Sociales y Pol\u00edticas, doctor H\u00e9ctor Zimmerman y los dos oradores centrales de la mesa: el rabino Marcelo Wajcer y el doctor \u00c1lvaro Monz\u00f3n Wingard de la C\u00e1tedra Libre de Derechos Humanos, Genocidio y Holocausto de la UNNE.<\/p>\n\n\n\n<p>Wajcer hizo uso de la palabra inicialmente, haciendo una profunda reflexi\u00f3n sobre los dilemas \u00e9ticos, morales, espirituales y humanos que se dieron durante la Shoa y sobre c\u00f3mo enfrentar la violencia de quienes hasta hoy d\u00eda niegan la existencia del holocausto.<\/p>\n\n\n\n<p>Reconoci\u00f3 en los sobrevivientes, la chispa v\u00edvida y el aprendizaje que transmiten siempre, a pesar del horror vivido. Agradeci\u00f3 a la UNNE el espacio abierto para la reflexi\u00f3n &#8220;debemos trabajar m\u00e1s hondamente sobre el pasado, generando espacios para la memoria como este que estamos compartiendo ahora&#8221;, dijo el rabino.\u00a0<\/p>\n\n\n\n<p>Volver sobre la historia tantas veces como sea necesario.<\/p>\n\n\n\n<p>A su turno, el doctor \u00c1lvaro Monz\u00f3n Wingard, trajo a la mesa an\u00e9cdotas fuertes vividas en primera persona con su colega y amigo H\u00e9ctor Zimmerman, en su viaje a Polonia.&nbsp;<\/p>\n\n\n\n<p>En su exposici\u00f3n plante\u00f3 inicialmente que una situaci\u00f3n como la vivida en el holocausto, s\u00f3lo se da cuando cuando el propio Estado vulnera los principios de igualdad. Y en esa exposici\u00f3n cit\u00f3 varios recuerdos fuertes que lo marcaron en su periplo junto a su amigo, entre ellos, dijo &#8220;Polonia me mostr\u00f3 que no todas las v\u00edctimas fueron jud\u00edas, pero de seguro todos los jud\u00edos fueran v\u00edctimas&#8221;.<\/p>\n\n\n\n<p>Lo record\u00f3 a Zimmerman promoviendo siempre actividades vinculadas a la reconstrucci\u00f3n de la memoria y liderando espacios de docencia y formaci\u00f3n sobre la tem\u00e1tica holocausto.<\/p>\n\n\n\n<p>En el final -emocionado- subray\u00f3 &#8220;la importancia de la reflexi\u00f3n y la necesidad de volver sobre nuestra historia tantas veces como sea necesario, para que mis hijos y los hijos de nuestros hijos nunca lo olviden&#8221;.<\/p>\n\n\n\n<p>La secretaria general Acad\u00e9mica de la UNNE, doctora Demuth -en representaci\u00f3n del rector Omar Larroza- expuso que este tipo de jornadas y actividades de reflexi\u00f3n y memoria es el \u00fanico mecanismo que tenemos como sociedad para mantener la historia activa&#8221;, reconoci\u00f3 la funcionaria. Destac\u00f3 adem\u00e1s la refundaci\u00f3n de la C\u00e1tedra de Genocidio y Holocausto de la UNNE y transmiti\u00f3 en nombre del rector las congratulaciones a los presentes y familiares &#8220;por poner en valor el valuarte que fue para nuestra universidad, el exvicerrector y exdecano de esta Casa de Altos Estudios, doctor Hector Jos\u00e9 Zimmerman&#8221;.\u00a0<\/p>\n\n\n\n<p>La esposa del doctor Zimmerman, Susana Levitzki, recibi\u00f3 de manos de la SGA, doctora Demuth el reconocimiento post mortem de la UNNE, para el eximio hombre de leyes de esta Casa. &#8220;Voy a hacer un paralelo para recordar a H\u00e9ctor -dijo su compa\u00f1era de vida- y recit\u00f3 las famosas 3 reconocidas leyes de vida. Tener un hijo: \u00e9l tuvo dos, quienes a su modo, siguen su legado junto a sus familias. Escribir un libro: \u00a1tiene varios! muchos basados en la tem\u00e1tica Holocausto, m\u00e1s all\u00e1 de aquellos que abordan sobre su pr\u00e1ctica profesional del derecho. Y lo de plantar un \u00e1rbol, bueno\u2026 algo dif\u00edcil de lograr con H\u00e9ctor (sonrisas de los presentes), pero lo hizo de manera figurativa tras visitar casi todos los campos de concentraci\u00f3n en el mundo, para aprender y luego volver y replicar sus conocimientos en sus alumnos, as\u00ed ech\u00f3 ra\u00edces a su modo, reconoci\u00f3.<\/p>\n\n\n\n<p>Dej\u00f3 en el final, una reflexi\u00f3n que el doctor Zimmerman siempre citaba\u2026<\/p>\n\n\n\n<p><em>&#8220;SI TAN SOLO UNA DE CADA MIL PERSONAS CON LAS QUE INTERACTUAMOS, LOGRA REFLEXIONAR, PENSAR Y LEER SOBRE EL HOLOCAUSTO\u2026 LA TAREA EST\u00c1 CUMPLIDA&#8221;.<\/em><\/p>\n\n\n\n<p>El dise\u00f1o como forma de perpetuar la memoria<\/p>\n\n\n\n<p>La chispa inicial de estas Primeras Jornadas Reflexivas: Las lecciones de historia que no hemos aprendido&#8221; realizadas en la UNNE vinieron de la mano del hijo del inolvidable docente de la Facultad de Derecho, H\u00e9ctor Zimmerman: Guillermo.&nbsp;<\/p>\n\n\n\n<p>Cuenta el docente auxiliar de la Carrera de Dise\u00f1o Gr\u00e1fico, de la C\u00e1tedra Historia del Dise\u00f1o Gr\u00e1fico II, que esta historia inici\u00f3 en febrero de 2008 cuando gan\u00f3 una beca como docente en Yad Vashem \u2013 Jerusal\u00e9n, Israel (Museo del Holocausto \u2013 Escuela Internacional Sobre el Estudio del Holocausto). &#8220;La idea de esta beca docente en Israel, es que al volver a tu facultad, ense\u00f1es a tus alumnos sobre la tem\u00e1tica&#8221;, cuenta Guillermo Zimmerman.<\/p>\n\n\n\n<p>https:\/\/googleads.g.doubleclick.net\/pagead\/ads?client=ca-pub-9077525840741891&#038;output=html&#038;h=280&#038;adk=914659568&#038;adf=3754656088&#038;pi=t.aa~a.3239101266~i.23~rp.4&#038;w=770&#038;fwrn=4&#038;fwrnh=100&#038;lmt=1665176999&#038;num_ads=1&#038;rafmt=1&#038;armr=3&#038;sem=mc&#038;pwprc=3926536939&#038;ad_type=text_image&#038;format=770&#215;280&#038;url=https%3A%2F%2Fwww.radiodos.com.ar%2F123714-mucho-mas-que-palabras-el-holocausto-expuesto-en-la-unne&#038;fwr=0&#038;pra=3&#038;rh=193&#038;rw=770&#038;rpe=1&#038;resp_fmts=3&#038;wgl=1&#038;fa=27&#038;uach=WyJXaW5kb3dzIiwiMTAuMC4wIiwieDg2IiwiIiwiMTA1LjAuNTE5NS4xMjciLFtdLGZhbHNlLG51bGwsIjY0IixbWyJHb29nbGUgQ2hyb21lIiwiMTA1LjAuNTE5NS4xMjciXSxbIk5vdClBO0JyYW5kIiwiOC4wLjAuMCJdLFsiQ2hyb21pdW0iLCIxMDUuMC41MTk1LjEyNyJdXSxmYWxzZV0.&#038;dt=1665176991848&#038;bpp=2&#038;bdt=4273&#038;idt=2&#038;shv=r20221003&#038;mjsv=m202209290101&#038;ptt=9&#038;saldr=aa&#038;abxe=1&#038;cookie=ID%3Dbcc99f552b875d9b-22243604fd7e0003%3AT%3D1656733793%3ART%3D1665176994%3AS%3DALNI_MaGLVNXKiPa2d9EqhGIIlWw24-GRQ&#038;gpic=UID%3D0000073bba8a240d%3AT%3D1656733793%3ART%3D1665174137%3AS%3DALNI_MY3OOCxA64yP7C06ap6WWm1iKbPMQ&#038;prev_fmts=0x0%2C770x280%2C770x280%2C770x280&#038;nras=5&#038;correlator=5080327165770&#038;frm=20&#038;pv=1&#038;ga_vid=673315690.1656733793&#038;ga_sid=1665176991&#038;ga_hid=402345069&#038;ga_fc=1&#038;u_tz=-180&#038;u_his=1&#038;u_h=768&#038;u_w=1366&#038;u_ah=728&#038;u_aw=1366&#038;u_cd=24&#038;u_sd=1&#038;dmc=8&#038;adx=167&#038;ady=3509&#038;biw=1354&#038;bih=568&#038;scr_x=0&#038;scr_y=1279&#038;eid=44759876%2C44759927%2C44759842%2C42531705%2C21066429%2C44770881&#038;oid=2&#038;pvsid=2468291637466805&#038;tmod=810815325&#038;uas=1&#038;nvt=1&#038;ref=https%3A%2F%2Fwww.radiodos.com.ar%2Fnotas%2Flocales&#038;eae=0&#038;fc=1408&#038;brdim=0%2C0%2C0%2C0%2C1366%2C0%2C1366%2C728%2C1366%2C568&#038;vis=1&#038;rsz=%7C%7Cs%7C&#038;abl=NS&#038;fu=128&#038;bc=31&#038;ifi=5&#038;uci=a!5&#038;btvi=4&#038;fsb=1&#038;xpc=CptF6r2SMo&#038;p=https%3A\/\/www.radiodos.com.ar&#038;dtd=7812<\/p>\n\n\n\n<p>&#8220;El Proyecto de la Muestra Mucho M\u00e1s que Palabras surge con la participaci\u00f3n de la Asociaci\u00f3n Argentina de Derecho Pol\u00edtico, la secretar\u00eda de Extensi\u00f3n de la Facultad de Arquitectura y Dise\u00f1o, y el Taller III de la carrera de Dise\u00f1o Gr\u00e1fico a cargo de la D.G. Mariela Carrieri; &nbsp;entonces con mi viejo -\u00e9l tambi\u00e9n estuvo all\u00e1 antes que yo porque tambi\u00e9n hab\u00eda ganado una beca- dictamos al volver, la parte te\u00f3rica de la Sho\u00e1 a los docentes y alumnos de esta asignatura.<\/p>\n\n\n\n<p>La premisa fundamental era que logren transmitir el Holocausto de manera ret\u00f3rica, por lo tanto, en los dise\u00f1os realizados por los y las estudiantes no pod\u00edan aparecer im\u00e1genes de campos de concentraci\u00f3n y exterminio, c\u00e1maras de gas, sangre, ni ning\u00fan hecho de violencia expl\u00edcita; esa fue la l\u00ednea que bajamos para el proyecto&#8221;, cont\u00f3 el docente.&nbsp;<\/p>\n\n\n\n<p>Zimerman (h) explic\u00f3 que antes de hacer docencia con los estudiantes, se realizaron en primera instancia charlas con los docentes asociados al trabajo, para que profundicen la tem\u00e1tica y la l\u00ednea editorial que se pretend\u00eda con el proyecto.&nbsp;<\/p>\n\n\n\n<p>&#8220;Y as\u00ed naci\u00f3 esta gran muestra que fue expuesta en 2010 en Mendoza en el Congreso Nacional de Extensi\u00f3n Universitaria, y -tras un acuerdo con el Museo del Holocausto de Buenos Aires- estuvo expuesta por 6 meses, tiempo en el que se realiz\u00f3 La Noche de los Museos, con tan buena repercusi\u00f3n que la muestra que lleg\u00f3 hasta los diarios italianos&#8221;; por \u00faltimo la muestra estuvo exhibida en la Universidad del Litoral, a pedido de la Carrera de Dise\u00f1o Gr\u00e1fico, reconoci\u00f3 orgulloso el docente de la UNNE.&nbsp;<\/p>\n\n\n\n<p>Si bien los ahora Dise\u00f1adores Gr\u00e1ficos graduados reconstruyeron -hace ya m\u00e1s de 10 a\u00f1os- la tragedia hist\u00f3rica del holocausto, en una muestra de alto peso visual, el docente Zimmerman sostuvo que cedi\u00f3 a la UNNE la muestra para que sea expuesta en los distintas dependencias, como forma de continuar con la socializaci\u00f3n de la Sho\u00e1. En ese marco destac\u00f3 la necesidad de renovar las obras y proponer a sus estudiantes de Dise\u00f1o para trabajar nuevamente en la misma tem\u00e1tica.<\/p>\n\n\n\n<p>*Los dise\u00f1os de la muestra &#8220;Mucho m\u00e1s que palabras&#8221; se encuentran expuestos en distintos espacios del edificio Rectorado y se los puede visitar de lunes a viernes de 8 a 12 h. haciendo un peque\u00f1o recorrido, por el edificio Rectorado, ubicado en 25 de Mayo 868.<\/p>\n","protected":false},"excerpt":{"rendered":"<p>Un acto cargado de emotividad se vivi\u00f3 en la sala del Consejo Superior de la UNNE. Reflexiones sobre el holocausto se conjugaron en un duro pero necesario ejercicio de reconstrucci\u00f3n&hellip; <\/p>\n","protected":false},"author":6,"featured_media":9483,"comment_status":"closed","ping_status":"open","sticky":false,"template":"","format":"standard","meta":{"footnotes":""},"categories":[8],"tags":[],"class_list":["post-9480","post","type-post","status-publish","format-standard","has-post-thumbnail","hentry","category-locales"],"_links":{"self":[{"href":"https:\/\/corrientesdetarde.com\/index.php\/wp-json\/wp\/v2\/posts\/9480","targetHints":{"allow":["GET"]}}],"collection":[{"href":"https:\/\/corrientesdetarde.com\/index.php\/wp-json\/wp\/v2\/posts"}],"about":[{"href":"https:\/\/corrientesdetarde.com\/index.php\/wp-json\/wp\/v2\/types\/post"}],"author":[{"embeddable":true,"href":"https:\/\/corrientesdetarde.com\/index.php\/wp-json\/wp\/v2\/users\/6"}],"replies":[{"embeddable":true,"href":"https:\/\/corrientesdetarde.com\/index.php\/wp-json\/wp\/v2\/comments?post=9480"}],"version-history":[{"count":1,"href":"https:\/\/corrientesdetarde.com\/index.php\/wp-json\/wp\/v2\/posts\/9480\/revisions"}],"predecessor-version":[{"id":9484,"href":"https:\/\/corrientesdetarde.com\/index.php\/wp-json\/wp\/v2\/posts\/9480\/revisions\/9484"}],"wp:featuredmedia":[{"embeddable":true,"href":"https:\/\/corrientesdetarde.com\/index.php\/wp-json\/wp\/v2\/media\/9483"}],"wp:attachment":[{"href":"https:\/\/corrientesdetarde.com\/index.php\/wp-json\/wp\/v2\/media?parent=9480"}],"wp:term":[{"taxonomy":"category","embeddable":true,"href":"https:\/\/corrientesdetarde.com\/index.php\/wp-json\/wp\/v2\/categories?post=9480"},{"taxonomy":"post_tag","embeddable":true,"href":"https:\/\/corrientesdetarde.com\/index.php\/wp-json\/wp\/v2\/tags?post=9480"}],"curies":[{"name":"wp","href":"https:\/\/api.w.org\/{rel}","templated":true}]}}