{"id":94804,"date":"2023-10-12T17:54:22","date_gmt":"2023-10-12T20:54:22","guid":{"rendered":"https:\/\/corrientesdetarde.com\/?p=94804"},"modified":"2023-10-12T17:54:28","modified_gmt":"2023-10-12T20:54:28","slug":"donde-voto-en-las-elecciones-generales-para-presidente-2023","status":"publish","type":"post","link":"https:\/\/corrientesdetarde.com\/index.php\/politica\/donde-voto-en-las-elecciones-generales-para-presidente-2023\/","title":{"rendered":"D\u00f3nde voto en las elecciones generales para presidente 2023"},"content":{"rendered":"\n<p>Este domingo 22 de octubre se conocer\u00e1 qui\u00e9nes ser\u00e1n los responsables de administrar el pa\u00eds por los pr\u00f3ximos cuatro a\u00f1os.<\/p>\n\n\n\n<p>Este domingo 22 de octubre se llevar\u00e1n a cabo las elecciones generales 2023 para definir qui\u00e9nes ser\u00e1n las nuevas autoridades para los cargos de\u00a0<strong>presidente y vice<\/strong>. Por ello la<strong>\u00a0C\u00e1mara Nacional Electoral<\/strong>\u00a0habilit\u00f3 las consultas en el padr\u00f3n electoral para saber d\u00f3nde votar.<\/p>\n\n\n\n<p>Asimismo cabe mencionar que los candidatos para estas elecciones son\u00a0<strong>Javier Milei\u00a0<\/strong>(La Libertad Avanza),\u00a0<strong>Patricia Bullrich<\/strong>\u00a0(Juntos por el Cambio),\u00a0<strong>Sergio Massa<\/strong>\u00a0(Uni\u00f3n por la Patria),\u00a0<strong>Juan Schiaretti<\/strong>\u00a0(Hacemos por Nuestro Pa\u00eds) y\u00a0<strong>Myriam Bregman<\/strong>\u00a0(Frente de Izquierda).<\/p>\n\n\n\n<h2 class=\"wp-block-heading\">D\u00f3nde voto en las elecciones generales<\/h2>\n\n\n\n<p>Es necesario seguir estos pasos para saber d\u00f3nde votar en las elecciones generales 2023:<\/p>\n\n\n\n<ul class=\"wp-block-list\"><li>Ingresar a la p\u00e1gina web de la Justicia Nacional Electoral<\/li><li>Escribir el n\u00famero de DNI, seleccionar el g\u00e9nero y la provincia.<\/li><li>Enviar la consulta y luego el sistema indicar\u00e1 la localidad donde se vota, el circuito y la secci\u00f3n adem\u00e1s de la mesa.<\/li><\/ul>\n\n\n\n<figure class=\"wp-block-image\"><img decoding=\"async\" src=\"https:\/\/tn.com.ar\/resizer\/IgHk1u_o_lWFo3jRPmSR69gMxq8=\/767x0\/smart\/filters:format(webp)\/cloudfront-us-east-1.images.arcpublishing.com\/artear\/AEJTWT25D5B3NILUOTJJD7XAQY.png\" alt=\"Foto: archivo.\"\/><figcaption>Foto: archivo.<\/figcaption><\/figure>\n\n\n\n<h2 class=\"wp-block-heading\">\u00bfCon qu\u00e9 documento puedo votar en las Elecciones 2023?<\/h2>\n\n\n\n<p>Se puede votar con cualquiera de los siguientes documentos con el \u00faltimo ejemplar emitido:<\/p>\n\n\n\n<ul class=\"wp-block-list\"><li>Libreta de enrolamiento<\/li><li>Libreta c\u00edvica<\/li><li>DNI libreta verde<\/li><li>Tarjeta del DNI libreta celeste<\/li><li>Nuevo DNI tarjeta: es autorizado para votar aunque contenga la leyenda \u201cno v\u00e1lido para votar\u201d<\/li><\/ul>\n\n\n\n<h2 class=\"wp-block-heading\">Qu\u00e9 pasa si no voy a votar en las elecciones generales<\/h2>\n\n\n\n<p>Las personas de entre\u00a0<strong>18 y 70 a\u00f1os<\/strong>\u00a0que no voten en las elecciones generales tendr\u00e1n un lapso de 60 d\u00edas para\u00a0<strong>justificar su ausencia<\/strong>, de lo contrario deber\u00e1n\u00a0<strong>pagar una multa en el Banco Naci\u00f3n<\/strong>\u00a0y no podr\u00e1n realizar tr\u00e1mites en diferentes \u00e1reas p\u00fablicas, ni tampoco desempe\u00f1ar cargos p\u00fablicos durante tres a\u00f1os desde la elecci\u00f3n.<\/p>\n\n\n\n<h2 class=\"wp-block-heading\">C\u00f3mo justifico en una comisar\u00eda que no fui a votar en las elecciones generales<\/h2>\n\n\n\n<p>En el caso de que el elector se encuentre a&nbsp;<strong>m\u00e1s de 500 kil\u00f3metros de distancia<\/strong>&nbsp;del lugar d\u00f3nde debe emitir su voto, deber\u00e1&nbsp;<strong>concurrir con su DNI a la comisar\u00eda m\u00e1s pr\u00f3xima&nbsp;<\/strong>del lugar en el que se encuentre, y pedir una certificaci\u00f3n escrita que justifique su imposibilidad de votar.<\/p>\n\n\n\n<p>El certificado debe ser presentado dentro de los 60 d\u00edas de celebrada la elecci\u00f3n, ante el Juzgado Federal con Competencia Electoral del distrito que corresponda.<\/p>\n","protected":false},"excerpt":{"rendered":"<p>Este domingo 22 de octubre se conocer\u00e1 qui\u00e9nes ser\u00e1n los responsables de administrar el pa\u00eds por los pr\u00f3ximos cuatro a\u00f1os. Este domingo 22 de octubre se llevar\u00e1n a cabo las&hellip; <\/p>\n","protected":false},"author":8,"featured_media":94805,"comment_status":"closed","ping_status":"open","sticky":false,"template":"","format":"standard","meta":{"footnotes":""},"categories":[3],"tags":[],"class_list":["post-94804","post","type-post","status-publish","format-standard","has-post-thumbnail","hentry","category-politica"],"_links":{"self":[{"href":"https:\/\/corrientesdetarde.com\/index.php\/wp-json\/wp\/v2\/posts\/94804","targetHints":{"allow":["GET"]}}],"collection":[{"href":"https:\/\/corrientesdetarde.com\/index.php\/wp-json\/wp\/v2\/posts"}],"about":[{"href":"https:\/\/corrientesdetarde.com\/index.php\/wp-json\/wp\/v2\/types\/post"}],"author":[{"embeddable":true,"href":"https:\/\/corrientesdetarde.com\/index.php\/wp-json\/wp\/v2\/users\/8"}],"replies":[{"embeddable":true,"href":"https:\/\/corrientesdetarde.com\/index.php\/wp-json\/wp\/v2\/comments?post=94804"}],"version-history":[{"count":1,"href":"https:\/\/corrientesdetarde.com\/index.php\/wp-json\/wp\/v2\/posts\/94804\/revisions"}],"predecessor-version":[{"id":94806,"href":"https:\/\/corrientesdetarde.com\/index.php\/wp-json\/wp\/v2\/posts\/94804\/revisions\/94806"}],"wp:featuredmedia":[{"embeddable":true,"href":"https:\/\/corrientesdetarde.com\/index.php\/wp-json\/wp\/v2\/media\/94805"}],"wp:attachment":[{"href":"https:\/\/corrientesdetarde.com\/index.php\/wp-json\/wp\/v2\/media?parent=94804"}],"wp:term":[{"taxonomy":"category","embeddable":true,"href":"https:\/\/corrientesdetarde.com\/index.php\/wp-json\/wp\/v2\/categories?post=94804"},{"taxonomy":"post_tag","embeddable":true,"href":"https:\/\/corrientesdetarde.com\/index.php\/wp-json\/wp\/v2\/tags?post=94804"}],"curies":[{"name":"wp","href":"https:\/\/api.w.org\/{rel}","templated":true}]}}