{"id":94838,"date":"2023-10-12T20:54:20","date_gmt":"2023-10-12T23:54:20","guid":{"rendered":"https:\/\/corrientesdetarde.com\/?p=94838"},"modified":"2023-10-12T20:54:32","modified_gmt":"2023-10-12T23:54:32","slug":"la-inflacion-subio-al-127-en-septiembre-y-acumula-1383-anual","status":"publish","type":"post","link":"https:\/\/corrientesdetarde.com\/index.php\/economia\/la-inflacion-subio-al-127-en-septiembre-y-acumula-1383-anual\/","title":{"rendered":"La inflaci\u00f3n subi\u00f3 al 12,7% en septiembre y acumula 138,3% anual"},"content":{"rendered":"\n<p>El costo de vida super\u00f3 el 100% en los primeros nueve\u00a0meses del a\u00f1o, seg\u00fan el INDEC.<\/p>\n\n\n\n<p><strong>La inflaci\u00f3n sigui\u00f3 en niveles&nbsp;alt\u00edsimos en septiembre \u00faltimo, ya que aument\u00f3 12,7%, mientras el&nbsp;acumulado de los \u00faltimo doce meses fue de 138,3 por ciento. As\u00ed, el costo de vida se ubic\u00f3 0,3 puntos por encima del de agosto (12,4%).<\/strong><\/p>\n\n\n\n<p>Adem\u00e1s,&nbsp;<strong>el costo de vida super\u00f3 el 100% en los primeros nueve&nbsp;meses, al subir 103,2%, inform\u00f3 el INDEC.<\/strong><\/p>\n\n\n\n<p>La divisi\u00f3n de mayor aumento en el mes fue&nbsp;<strong>Prendas de vestir y calzado (15,7%),<\/strong>&nbsp;impulsada por el cambio de temporada.<\/p>\n\n\n\n<p>Le siguieron&nbsp;<strong>Recreaci\u00f3n y cultura (15,1%) \u2013principalmente por la suba en los servicios de televisi\u00f3n por cable\u2013<\/strong>&nbsp;y&nbsp;Alimentos y bebidas no alcoh\u00f3licas (14,3%).<\/p>\n\n\n\n<p><strong>La divisi\u00f3n con mayor incidencia en todas las regiones fue Alimentos y bebidas no alcoh\u00f3licas (14,3%).<\/strong>&nbsp;Al interior de la&nbsp;divisi\u00f3n impact\u00f3 la suba de Carnes y derivados, Pan y cereales y Frutas.&nbsp;<\/p>\n\n\n\n<p>El Nivel general del \u00cdndice de precios al consumidor registr\u00f3 un alza mensual de 12,7% en septiembre de 2023, y&nbsp;acumul\u00f3 una variaci\u00f3n de 103,2%. En la comparaci\u00f3n interanual, el incremento alcanz\u00f3 el 138,3%.<\/p>\n\n\n\n<p><strong>Las dos divisiones que registraron las menores variaciones en septiembre fueron Educaci\u00f3n (8,1%) y Vivienda, agua,&nbsp;electricidad y otros combustibles (8,5%).<\/strong><\/p>\n\n\n\n<p>A nivel de las categor\u00edas, Estacionales (14,7%) lider\u00f3 el aumento del per\u00edodo seguida por IPC N\u00facleo (13,4%), mientras&nbsp;que Regulados registr\u00f3 un incremento de 8,3%.<\/p>\n\n\n\n<figure class=\"wp-block-image\"><img decoding=\"async\" src=\"https:\/\/noticiasargentinas.com\/images\/NA\/Contenidos\/ECONOM%C3%8DA\/Cuadro_de_inflaci%C3%B3n_por_rubro_a_septiembre_de_2023.webp\" alt=\"Cuadro de inflaci\u00f3n por rubro a septiembre de 2023\"\/><\/figure>\n","protected":false},"excerpt":{"rendered":"<p>El costo de vida super\u00f3 el 100% en los primeros nueve\u00a0meses del a\u00f1o, seg\u00fan el INDEC. La inflaci\u00f3n sigui\u00f3 en niveles&nbsp;alt\u00edsimos en septiembre \u00faltimo, ya que aument\u00f3 12,7%, mientras el&nbsp;acumulado&hellip; <\/p>\n","protected":false},"author":4,"featured_media":94839,"comment_status":"closed","ping_status":"open","sticky":false,"template":"","format":"standard","meta":{"footnotes":""},"categories":[20],"tags":[],"class_list":["post-94838","post","type-post","status-publish","format-standard","has-post-thumbnail","hentry","category-economia"],"_links":{"self":[{"href":"https:\/\/corrientesdetarde.com\/index.php\/wp-json\/wp\/v2\/posts\/94838","targetHints":{"allow":["GET"]}}],"collection":[{"href":"https:\/\/corrientesdetarde.com\/index.php\/wp-json\/wp\/v2\/posts"}],"about":[{"href":"https:\/\/corrientesdetarde.com\/index.php\/wp-json\/wp\/v2\/types\/post"}],"author":[{"embeddable":true,"href":"https:\/\/corrientesdetarde.com\/index.php\/wp-json\/wp\/v2\/users\/4"}],"replies":[{"embeddable":true,"href":"https:\/\/corrientesdetarde.com\/index.php\/wp-json\/wp\/v2\/comments?post=94838"}],"version-history":[{"count":1,"href":"https:\/\/corrientesdetarde.com\/index.php\/wp-json\/wp\/v2\/posts\/94838\/revisions"}],"predecessor-version":[{"id":94840,"href":"https:\/\/corrientesdetarde.com\/index.php\/wp-json\/wp\/v2\/posts\/94838\/revisions\/94840"}],"wp:featuredmedia":[{"embeddable":true,"href":"https:\/\/corrientesdetarde.com\/index.php\/wp-json\/wp\/v2\/media\/94839"}],"wp:attachment":[{"href":"https:\/\/corrientesdetarde.com\/index.php\/wp-json\/wp\/v2\/media?parent=94838"}],"wp:term":[{"taxonomy":"category","embeddable":true,"href":"https:\/\/corrientesdetarde.com\/index.php\/wp-json\/wp\/v2\/categories?post=94838"},{"taxonomy":"post_tag","embeddable":true,"href":"https:\/\/corrientesdetarde.com\/index.php\/wp-json\/wp\/v2\/tags?post=94838"}],"curies":[{"name":"wp","href":"https:\/\/api.w.org\/{rel}","templated":true}]}}