{"id":94843,"date":"2023-10-12T21:09:50","date_gmt":"2023-10-13T00:09:50","guid":{"rendered":"https:\/\/corrientesdetarde.com\/?p=94843"},"modified":"2023-10-12T21:09:54","modified_gmt":"2023-10-13T00:09:54","slug":"la-crisis-belica-en-medio-oriente-vista-por-cuatro-personalidades-mundiales","status":"publish","type":"post","link":"https:\/\/corrientesdetarde.com\/index.php\/internacionales\/la-crisis-belica-en-medio-oriente-vista-por-cuatro-personalidades-mundiales\/","title":{"rendered":"La crisis b\u00e9lica en Medio Oriente vista por cuatro personalidades mundiales"},"content":{"rendered":"\n<p>Las declaraciones e iniciativas de los presidentes de Brasil y los Estados Unidos, Lula Da Silva y Joe Biden; adem\u00e1s del Papa y el ex mandatario uruguayo Jos\u00e9 Mujica.<\/p>\n\n\n\n<p><strong>El papa Francisco<\/strong>, en sus&nbsp;comentarios m\u00e1s contundentes desde el inicio del conflicto en&nbsp;Gaza, pidi\u00f3 este mi\u00e9rcoles la liberaci\u00f3n de todos los&nbsp; rehenes&nbsp;tomados por militantes de Ham\u00e1s y afirm\u00f3 que Israel tiene derecho&nbsp;a defenderse.<\/p>\n\n\n\n<p>Por su parte&nbsp;<strong>el presidente de Brasil, Luiz In\u00e1cio Lula da&nbsp;<\/strong><strong>Silva,<\/strong>&nbsp;pidi\u00f3 en un post en la red social X que el grupo militante&nbsp;palestino Ham\u00e1s libere a los&nbsp; ni\u00f1os tomados como rehenes tras sus&nbsp;ataques del s\u00e1bado en territorio israel\u00ed, al tiempo que apel\u00f3 a&nbsp;que el Estado jud\u00edo dejaba de&nbsp; bombardear la Franja de Gaza.<\/p>\n\n\n\n<p>Para&nbsp;<strong>el presidente de los Estados Unidos, Joe Biden<\/strong>, el ataque&nbsp;sorpresa lanzado por el grupo militante palestino fue un &#8220;acto de&nbsp;pura maldad&#8221;,&nbsp; mientras que&nbsp;<strong>el ex mandatario uruguayo Jos\u00e9 &#8220;Pepe&#8221;&nbsp;<\/strong><strong>Mujica<\/strong>&nbsp;se refiri\u00f3 a &#8220;un fracaso de la ONU&#8221;.<\/p>\n\n\n\n<h2 class=\"wp-block-heading\">El Papa<\/h2>\n\n\n\n<p>Hablando con voz sombr\u00eda al final de su audiencia general&nbsp;semanal ante millas de personas en la plaza de San Pedro, el Papa tambi\u00e9n&nbsp;expres\u00f3 su gran preocupaci\u00f3n por el asedio impuesto por&nbsp;<strong>Israel<\/strong>&nbsp;a&nbsp;Gaza.<\/p>\n\n\n\n<p><strong>&#8220;Contin\u00fao siguiendo, con dolor y aprensi\u00f3n, lo que sucede en&nbsp;Israel y Palestina<\/strong>. Tantas personas muertas y otras heridas. Rezo&nbsp;por las familias que han visto c\u00f3mo un d\u00eda de fiesta se convert\u00eda&nbsp;en un d\u00eda de luto y pido que se libere inmediatamente a los&nbsp;rehenes&#8221;, afirm\u00f3.<\/p>\n\n\n\n<p><strong>Francisco<\/strong>&nbsp;continu\u00f3: &#8220;Quienes son atacados tienen derecho a&nbsp;defenderse, pero me preocupa mucho el asedio total en el que viven&nbsp;los palestinos en Gaza, donde tambi\u00e9n ha habido muchas v\u00edctimas&nbsp;inocentes&#8221;.<\/p>\n\n\n\n<h2 class=\"wp-block-heading\">Lula<\/h2>\n\n\n\n<p>En su publicaci\u00f3n, que&nbsp;<strong>Lula<\/strong>&nbsp;calific\u00f3 de &#8220;llamamiento&#8221; en&nbsp;defensa de los ni\u00f1os palestinos e israel\u00edes, tambi\u00e9n pidi\u00f3 una&nbsp;intervenci\u00f3n humanitaria internacional en la regi\u00f3n y el fin&nbsp;inmediato del conflicto.<\/p>\n\n\n\n<p>&#8220;<strong>Ham\u00e1s<\/strong>&nbsp;debe liberar a los ni\u00f1os israel\u00edes que han sido&nbsp;secuestrados. Israel debe detener los bombardeos para que los&nbsp;ni\u00f1os palestinos y sus madres puedan abandonar la Franja de Gaza&nbsp;por la frontera con Egipto. Debe haber un m\u00ednimo de humanidad en&nbsp;la locura de la guerra&#8221;, escribi\u00f3 Lula.<\/p>\n\n\n\n<p><br>El mandatario brasile\u00f1o solicit\u00f3 una&nbsp;<strong>&#8220;urgente intervenci\u00f3n&nbsp;humanitaria internacional y un alto el fuego en defensa de los&nbsp;<\/strong><strong>ni\u00f1os israel\u00edes y palestinos&#8221;.<\/strong><\/p>\n\n\n\n<p>Tambi\u00e9n record\u00f3 que&nbsp;<strong>Brasil<\/strong>&nbsp;ostenta la presidencia de turno del&nbsp;Consejo de Seguridad de las Naciones Unidas (ONU) y que actuar\u00e1&nbsp;para ayudar a poner fin al conflicto.<\/p>\n\n\n\n<p>&#8220;<strong>Brasil<\/strong>, en su presidencia provisional del Consejo de Seguridad&nbsp;de la ONU, se unir\u00e1 a los esfuerzos para lograr el fin inmediato y&nbsp;definitivo del conflicto. Y seguir\u00e1 trabajando por la promoci\u00f3n de&nbsp;la paz y en defensa de los derechos humanos en el mundo&#8221; , afirm\u00f3.<\/p>\n\n\n\n<h2 class=\"wp-block-heading\">Biden<\/h2>\n\n\n\n<p>Subray\u00f3 el apoyo de los<strong>&nbsp;Estados Unidos<\/strong>&nbsp;a Israel y expres\u00f3 su&nbsp;preocupaci\u00f3n por los compatriotas retenidos como rehenes por&nbsp;<strong>Ham\u00e1s<\/strong>, seg\u00fan \u00e9l un grupo islamista respaldado por Ir\u00e1n, cuyo&nbsp;prop\u00f3sito declarado es &#8220;matar jud\u00edos&#8221;.<\/p>\n\n\n\n<p>&#8220;Hay momentos en esta vida, y lo digo literalmente, en los que&nbsp;el mal puro y duro se desata en este mundo. El pueblo de&nbsp;<strong>Israel&nbsp;<\/strong>vivi\u00f3 uno de esos momentos este fin de semana&#8221;, declar\u00f3 Biden a&nbsp;periodistas en la Casa Blanca.<\/p>\n\n\n\n<p>Al menos 11 estadounidenses murieron en los ataques y unos 20&nbsp;est\u00e1n desaparecidos, contabiliz\u00f3 la agencia de noticias Reuters.&nbsp;<\/p>\n\n\n\n<p><strong>Biden<\/strong>&nbsp;habl\u00f3 de escalofriantes informes de &#8220;padres masacrados&#8221;,&nbsp;&#8220;beb\u00e9s asesinados&#8221;, &#8220;familias enteras masacradas&#8221; y &#8220;mujeres&nbsp;violadas,&nbsp; agredidas y exhibidas como trofeos&#8221;.<\/p>\n\n\n\n<p>Record\u00f3 que&nbsp;<strong>Ham\u00e1s<\/strong>&nbsp;hab\u00eda amenazado con ejecutar a rehenes, entre&nbsp;ellos supervivientes del Holocausto nazi, violando &#8220;todos los&nbsp;c\u00f3digos de la moral humana&#8221; y agreg\u00f3 que la brutalidad del grupo y&nbsp;su &#8220;sed de sangre&#8221; recuerdan a los &#8220;peores desmanes&#8221; del Estado&nbsp;Isl\u00e1mico.<\/p>\n\n\n\n<p><strong>&#8220;Esto es terrorismo<\/strong>, pero tristemente para el pueblo jud\u00edo, no&nbsp;es nuevo&#8221;, plante\u00f3 Biden, quien remarc\u00f3 que el incidente sac\u00f3 a la&nbsp;superficie&nbsp; recuerdos del antisemitismo y del genocidio del pueblo&nbsp;jud\u00edo.<\/p>\n\n\n\n<p><strong>En una aparente referencia a Ir\u00e1n y grupos respaldados por la&nbsp;<\/strong><strong>rep\u00fablica isl\u00e1mica como Hezbol\u00e1 en el L\u00edbano, Biden aclar\u00f3 que&nbsp;<\/strong><strong>ten\u00eda un&nbsp; mensaje para cualquier pa\u00eds u organizaci\u00f3n que pensara en&nbsp;<\/strong><strong>aprovecharse de la situaci\u00f3n: &#8220;Tengo una palabra: no lo hagan&#8221;.<\/strong><\/p>\n\n\n\n<h2 class=\"wp-block-heading\">Mujica<\/h2>\n\n\n\n<p>El conflicto entre el movimiento palestino Ham\u00e1s y el Estado&nbsp;de Israel, que recrudeci\u00f3 el s\u00e1bado (7 de octubre) y ya lleva casi&nbsp;2.000 muertos, es un fracaso de las pol\u00edticas de Naciones Unidas,&nbsp;pero tambi\u00e9n de la humanidad, afirm\u00f3&nbsp;<strong>el expresidente uruguayo Jos\u00e9&nbsp;<\/strong><strong>Mujica (2010-2015).<\/strong><\/p>\n\n\n\n<p><strong>&#8220;Una desgracia para el pueblo jud\u00edo y para el pueblo palestino.&nbsp;Una barbaridad y un fracaso de la pol\u00edtica de las Naciones Unidas&nbsp;<\/strong>que en m\u00e1s de 50 a\u00f1os no ha podido suturar una herida de car\u00e1cter&nbsp;hist\u00f3rico&#8221;, coment\u00f3 el oriental ante periodistas, seg\u00fan reprodujo&nbsp;el sitio Sputnik News.<\/p>\n\n\n\n<p><strong>Mujica<\/strong>&nbsp;agreg\u00f3 que &#8220;las religiones monote\u00edstas tienen patolog\u00edas&nbsp;de un grado de fanatismo que es imposible de entender y acompa\u00f1ar,&nbsp;para algunas variables musulmanas el morir en la guerra&nbsp;es un martirio que los transporta a otro mundo&#8221; y a\u00f1adi\u00f3 que esas&nbsp;creencias y costumbres son parte de la cultura de los pueblos.<\/p>\n\n\n\n<p><strong>&#8220;Cuando la pol\u00edtica es tan d\u00e9bil que no puede suturar y&nbsp;entender esas cosas, es un fracaso de la humanidad&#8221;,<\/strong>&nbsp;afirm\u00f3.<\/p>\n","protected":false},"excerpt":{"rendered":"<p>Las declaraciones e iniciativas de los presidentes de Brasil y los Estados Unidos, Lula Da Silva y Joe Biden; adem\u00e1s del Papa y el ex mandatario uruguayo Jos\u00e9 Mujica. El&hellip; <\/p>\n","protected":false},"author":4,"featured_media":94845,"comment_status":"closed","ping_status":"open","sticky":false,"template":"","format":"standard","meta":{"footnotes":""},"categories":[11],"tags":[],"class_list":["post-94843","post","type-post","status-publish","format-standard","has-post-thumbnail","hentry","category-internacionales"],"_links":{"self":[{"href":"https:\/\/corrientesdetarde.com\/index.php\/wp-json\/wp\/v2\/posts\/94843","targetHints":{"allow":["GET"]}}],"collection":[{"href":"https:\/\/corrientesdetarde.com\/index.php\/wp-json\/wp\/v2\/posts"}],"about":[{"href":"https:\/\/corrientesdetarde.com\/index.php\/wp-json\/wp\/v2\/types\/post"}],"author":[{"embeddable":true,"href":"https:\/\/corrientesdetarde.com\/index.php\/wp-json\/wp\/v2\/users\/4"}],"replies":[{"embeddable":true,"href":"https:\/\/corrientesdetarde.com\/index.php\/wp-json\/wp\/v2\/comments?post=94843"}],"version-history":[{"count":1,"href":"https:\/\/corrientesdetarde.com\/index.php\/wp-json\/wp\/v2\/posts\/94843\/revisions"}],"predecessor-version":[{"id":94846,"href":"https:\/\/corrientesdetarde.com\/index.php\/wp-json\/wp\/v2\/posts\/94843\/revisions\/94846"}],"wp:featuredmedia":[{"embeddable":true,"href":"https:\/\/corrientesdetarde.com\/index.php\/wp-json\/wp\/v2\/media\/94845"}],"wp:attachment":[{"href":"https:\/\/corrientesdetarde.com\/index.php\/wp-json\/wp\/v2\/media?parent=94843"}],"wp:term":[{"taxonomy":"category","embeddable":true,"href":"https:\/\/corrientesdetarde.com\/index.php\/wp-json\/wp\/v2\/categories?post=94843"},{"taxonomy":"post_tag","embeddable":true,"href":"https:\/\/corrientesdetarde.com\/index.php\/wp-json\/wp\/v2\/tags?post=94843"}],"curies":[{"name":"wp","href":"https:\/\/api.w.org\/{rel}","templated":true}]}}