{"id":94847,"date":"2023-10-12T21:12:13","date_gmt":"2023-10-13T00:12:13","guid":{"rendered":"https:\/\/corrientesdetarde.com\/?p=94847"},"modified":"2023-10-12T21:12:25","modified_gmt":"2023-10-13T00:12:25","slug":"lula-pidio-a-hamas-que-libere-a-los-ninos-rehenes-y-a-israel-que-deje-de-bombardear-gaza","status":"publish","type":"post","link":"https:\/\/corrientesdetarde.com\/index.php\/internacionales\/lula-pidio-a-hamas-que-libere-a-los-ninos-rehenes-y-a-israel-que-deje-de-bombardear-gaza\/","title":{"rendered":"Lula pidi\u00f3 a Ham\u00e1s que libere a los ni\u00f1os rehenes y a Israel que deje de bombardear Gaza"},"content":{"rendered":"\n<p>El mandatario brasile\u00f1o public\u00f3 un mensaje a trav\u00e9s de la red social X.<\/p>\n\n\n\n<p>El presidente de Brasil,\u00a0<strong>Luiz In\u00e1cio Lula da Silva,<\/strong>\u00a0pidi\u00f3 en una publicaci\u00f3n en la red social X que el grupo militante palestino\u00a0<strong>Ham\u00e1s libere a los ni\u00f1os tomados como rehenes<\/strong>\u00a0tras sus ataques en territorio israel\u00ed, y apel\u00f3 a que el<strong>\u00a0Estado jud\u00edo deje de bombardear la Franja de Gaza.<\/strong><\/p>\n\n\n\n<p>En el mensaje, que Lula calific\u00f3 de&nbsp;<strong>&#8220;llamamiento&#8221;<\/strong>&nbsp;en defensa de los ni\u00f1os palestinos e israel\u00edes, tambi\u00e9n reclam\u00f3 una intervenci\u00f3n humanitaria internacional en la regi\u00f3n y el fin inmediato del conflicto.<\/p>\n\n\n\n<p><strong>&#8220;Ham\u00e1s debe liberar a los ni\u00f1os israel\u00edes que han sido secuestrados<\/strong>. Israel debe detener los bombardeos para que los ni\u00f1os palestinos y sus madres puedan abandonar la Franja de Gaza por la frontera con Egipto. Debe haber un m\u00ednimo de humanidad en la locura de la guerra&#8221;, escribi\u00f3 Lula.<\/p>\n\n\n\n<p>&#8220;Es urgente una intervenci\u00f3n humanitaria internacional.&nbsp;<strong>Es urgente un alto el fuego en defensa de los ni\u00f1os israel\u00edes y palestinos&#8221;<\/strong>, resalt\u00f3.<\/p>\n\n\n\n<p>El mandatario tambi\u00e9n record\u00f3 que Brasil ostenta la presidencia de turno del Consejo de Seguridad de las Naciones Unidas (ONU) y que actuar\u00e1 para ayudar a poner fin al conflicto.<\/p>\n\n\n\n<p>&#8220;Brasil, en su presidencia provisional del Consejo de Seguridad de la ONU, se unir\u00e1 a los esfuerzos para lograr el fin inmediato y definitivo del conflicto. Y seguir\u00e1 trabajando por la promoci\u00f3n de la paz y en defensa de los derechos humanos en el mundo&#8221;, afirm\u00f3.<\/p>\n\n\n\n<p>Seg\u00fan el Ej\u00e9rcito israel\u00ed,&nbsp;<strong>murieron 1.200 personas<\/strong>&nbsp;y hay m\u00e1s de<strong>&nbsp;2.700 heridos<\/strong>&nbsp;en el ataque de varias horas de duraci\u00f3n perpetrado por hombres armados de Ham\u00e1s tras romper la valla que rodea Gaza.<\/p>\n\n\n\n<p>En tanto, los ataques israel\u00edes en represalia contra el enclave han causado 1.055 muertos y 5.184 heridos, seg\u00fan las autoridades palestinas.<\/p>\n\n\n\n<figure class=\"wp-block-embed is-type-rich is-provider-twitter wp-block-embed-twitter\"><div class=\"wp-block-embed__wrapper\">\n<blockquote class=\"twitter-tweet\" data-width=\"550\" data-dnt=\"true\"><p lang=\"pt\" dir=\"ltr\">Apelo do Presidente Lula em defesa das crian\u00e7as palestinas e israelenses<br> <br>Quero fazer um apelo ao secret\u00e1rio-geral da ONU, <a href=\"https:\/\/twitter.com\/antonioguterres?ref_src=twsrc%5Etfw\">@antonioguterres<\/a>, e \u00e0 comunidade internacional para que, juntos e com urg\u00eancia, lancemos m\u00e3o de todos os recursos para p\u00f4r fim \u00e0 mais grave viola\u00e7\u00e3o aos\u2026<\/p>&mdash; Lula (@LulaOficial) <a href=\"https:\/\/twitter.com\/LulaOficial\/status\/1712094749438492735?ref_src=twsrc%5Etfw\">October 11, 2023<\/a><\/blockquote><script async src=\"https:\/\/platform.twitter.com\/widgets.js\" charset=\"utf-8\"><\/script>\n<\/div><\/figure>\n\n\n\n<h2 class=\"wp-block-heading\">Netanyahu form\u00f3 un Gobierno de unidad de emergencia<\/h2>\n\n\n\n<p>El primer ministro de Israel,&nbsp;<strong>Benjam\u00edn Netanyahu<\/strong>, form\u00f3 un Gobierno de unidad en plena emergencia, mientras atacaba la Franja de Gaza para neutralizar a Ham\u00e1s y desplegaba sus fuerzas al norte del enclave palestino donde algunos militantes continuaban luchando tras el feroz asalto iniciado el fin de semana.<\/p>\n\n\n\n<p>La medida fue acordada en conjunto con el exministro de Defensa y l\u00edder del partido centrista de oposici\u00f3n&nbsp;<strong>Benny Gantz<\/strong>&nbsp;que se enfocar\u00e1 exclusivamente en el conflicto, seg\u00fan una declaraci\u00f3n del partido Unidad Nacional.<\/p>\n\n\n\n<p>Los ataques de represalia contra el aislado enclave han causado la muerte a&nbsp;<strong>1.100 personas<\/strong>&nbsp;y herido a unas&nbsp;<strong>5.339<\/strong>, en tanto que unos 535 edificios residenciales han sido destruidos, dejando a unas 250.000 personas sin hogar, dijeron las autoridades de Ham\u00e1s en Gaza.<\/p>\n\n\n\n<p>La mayor\u00eda de los desplazados se encontraban en refugios designados por las Naciones Unidas, mientras otros residentes se api\u00f1aban sobre calles destrozadas.<\/p>\n\n\n\n<p>El presidente de Estados Unidos,&nbsp;<strong>Joe Biden<\/strong>, lanz\u00f3 una advertencia dirigida aparentemente a los partidarios iran\u00edes de Ham\u00e1s para que no aprovechen la conflagraci\u00f3n de Gaza para iniciar una guerra m\u00e1s amplia en Oriente Medio.<\/p>\n\n\n\n<p>El brazo armado de Ham\u00e1s, las&nbsp;<strong>Brigadas Al Qassam<\/strong>, dijo que atac\u00f3 la ciudad costera de Haifa, en el norte de Israel, con un cohete R60. Tras el sonido de las sirenas en Haifa y otras ciudades cercanas, no se inform\u00f3 inmediatamente de v\u00edctimas.<\/p>\n\n\n\n<p>Un equipo de&nbsp;<em>Reuters TV<\/em>&nbsp;vio una casa alcanzada por un proyectil cerca de Metulla, en el extremo norte de Israel, cerca de la frontera con el L\u00edbano, donde act\u00faa el grupo Hezbol\u00e1, fuertemente armado y respaldado por Ir\u00e1n.<\/p>\n","protected":false},"excerpt":{"rendered":"<p>El mandatario brasile\u00f1o public\u00f3 un mensaje a trav\u00e9s de la red social X. El presidente de Brasil,\u00a0Luiz In\u00e1cio Lula da Silva,\u00a0pidi\u00f3 en una publicaci\u00f3n en la red social X que&hellip; <\/p>\n","protected":false},"author":4,"featured_media":94848,"comment_status":"closed","ping_status":"open","sticky":false,"template":"","format":"standard","meta":{"footnotes":""},"categories":[11],"tags":[],"class_list":["post-94847","post","type-post","status-publish","format-standard","has-post-thumbnail","hentry","category-internacionales"],"_links":{"self":[{"href":"https:\/\/corrientesdetarde.com\/index.php\/wp-json\/wp\/v2\/posts\/94847","targetHints":{"allow":["GET"]}}],"collection":[{"href":"https:\/\/corrientesdetarde.com\/index.php\/wp-json\/wp\/v2\/posts"}],"about":[{"href":"https:\/\/corrientesdetarde.com\/index.php\/wp-json\/wp\/v2\/types\/post"}],"author":[{"embeddable":true,"href":"https:\/\/corrientesdetarde.com\/index.php\/wp-json\/wp\/v2\/users\/4"}],"replies":[{"embeddable":true,"href":"https:\/\/corrientesdetarde.com\/index.php\/wp-json\/wp\/v2\/comments?post=94847"}],"version-history":[{"count":1,"href":"https:\/\/corrientesdetarde.com\/index.php\/wp-json\/wp\/v2\/posts\/94847\/revisions"}],"predecessor-version":[{"id":94849,"href":"https:\/\/corrientesdetarde.com\/index.php\/wp-json\/wp\/v2\/posts\/94847\/revisions\/94849"}],"wp:featuredmedia":[{"embeddable":true,"href":"https:\/\/corrientesdetarde.com\/index.php\/wp-json\/wp\/v2\/media\/94848"}],"wp:attachment":[{"href":"https:\/\/corrientesdetarde.com\/index.php\/wp-json\/wp\/v2\/media?parent=94847"}],"wp:term":[{"taxonomy":"category","embeddable":true,"href":"https:\/\/corrientesdetarde.com\/index.php\/wp-json\/wp\/v2\/categories?post=94847"},{"taxonomy":"post_tag","embeddable":true,"href":"https:\/\/corrientesdetarde.com\/index.php\/wp-json\/wp\/v2\/tags?post=94847"}],"curies":[{"name":"wp","href":"https:\/\/api.w.org\/{rel}","templated":true}]}}