{"id":9485,"date":"2022-10-07T18:27:13","date_gmt":"2022-10-07T21:27:13","guid":{"rendered":"https:\/\/corrientesdetarde.com\/?p=9485"},"modified":"2022-10-07T18:27:17","modified_gmt":"2022-10-07T21:27:17","slug":"un-streamer-logro-el-exito-en-las-redes-sociales-mostrando-maravillas-ocultas-de-argentina","status":"publish","type":"post","link":"https:\/\/corrientesdetarde.com\/index.php\/informacion-general\/un-streamer-logro-el-exito-en-las-redes-sociales-mostrando-maravillas-ocultas-de-argentina\/","title":{"rendered":"Un streamer logr\u00f3 el \u00e9xito en las redes sociales mostrando maravillas ocultas de Argentina."},"content":{"rendered":"\n<h2 class=\"wp-block-heading\">Recorre Argentina y los rincones de la capital en b\u00fasqueda de curiosidades.<\/h2>\n\n\n\n<p>\u201cLa belleza est\u00e1 en los ojos de quien mira\u201d es una frase que se materializa en\u00a0<strong>Morgan Mirabal<\/strong>, el chamo que lleg\u00f3 de\u00a0Venezuela\u00a0con las ganas de crear y se encontr\u00f3 un pa\u00eds lleno de maravillas escondidas. Desde entonces, quiso compartirlo con locales y extranjeros.<\/p>\n\n\n\n<p>Aunque se destaca en la realizaci\u00f3n audiovisual, esta no es su profesi\u00f3n, sino su pasi\u00f3n. Morgan comenz\u00f3 a hacer videos a los 22 a\u00f1os y los sub\u00eda a la plataforma Vine. Su hermano menor, Oscar, tambi\u00e9n participaba en los videos, lo que marc\u00f3 su vida, pues decidi\u00f3 estudiar cine y est\u00e1 residenciado en Utah, Estados Unidos.<\/p>\n\n\n\n<p><strong>Mirabal es autodidacta<\/strong>, aprendi\u00f3 a editar y grabar con tutoriales. La edici\u00f3n se dio con \u201cdemasiada pr\u00e1ctica, mucho ensayo y error\u201d, pero el esfuerzo dio frutos.<\/p>\n\n\n\n<p>Por cuestiones de estudio y trabajo, Morgan dej\u00f3 de grabar en dos ocasiones, pero retom\u00f3 sus proyectos cuando lleg\u00f3 a Argentina.\u00a0<strong>Los videos de sus viajes en el pa\u00eds lo impulsaron<\/strong>\u00a0en Youtube, donde comenz\u00f3 a darse a conocer e, incluso, logr\u00f3 monetizar su contenido.<\/p>\n\n\n\n<figure class=\"wp-block-image size-large\"><img loading=\"lazy\" decoding=\"async\" width=\"768\" height=\"1024\" src=\"https:\/\/corrientesdetarde.com\/wp-content\/uploads\/2022\/10\/XFGLFPNYKNA5XHWW5U73LJCY3Y-768x1024.jpg\" alt=\"\" class=\"wp-image-9486\" srcset=\"https:\/\/corrientesdetarde.com\/wp-content\/uploads\/2022\/10\/XFGLFPNYKNA5XHWW5U73LJCY3Y-768x1024.jpg 768w, https:\/\/corrientesdetarde.com\/wp-content\/uploads\/2022\/10\/XFGLFPNYKNA5XHWW5U73LJCY3Y-225x300.jpg 225w, https:\/\/corrientesdetarde.com\/wp-content\/uploads\/2022\/10\/XFGLFPNYKNA5XHWW5U73LJCY3Y-1152x1536.jpg 1152w, https:\/\/corrientesdetarde.com\/wp-content\/uploads\/2022\/10\/XFGLFPNYKNA5XHWW5U73LJCY3Y.jpg 1440w\" sizes=\"auto, (max-width: 768px) 100vw, 768px\" \/><figcaption>Morgan y su hermano Oscar comenzaron a hacer videos hace siete a\u00f1os.<\/figcaption><\/figure>\n\n\n\n<p>Mediante la recomendaci\u00f3n de allegados, traslad\u00f3 su material a\u00a0Tik Tok, pero le tom\u00f3 seis meses descifrar el secreto del formato reducido hasta que logr\u00f3 atraer la atenci\u00f3n de los usuarios.<\/p>\n\n\n\n<p>La \u00faltima plataforma que explor\u00f3 fue\u00a0Instagram\u00a0(@morganmirabal), pero es la segunda que\u00a0<strong>m\u00e1s frutos le ha dado<\/strong>, tiene 125.000 seguidores. Comenz\u00f3 a relanzar los videos m\u00e1s vistos de Tik Tok en el formato de reels y el resultado fue positivo.<\/p>\n\n\n\n<p><strong>Su sello es la comedia<\/strong>: \u201cSiempre he tratado de hacer re\u00edr a la gente\u201d, asegur\u00f3, pero aunque sus videos sean aparentemente f\u00e1ciles de hacer, los planifica con detalle. Guiona todo lo que dice y cuida cada toma, sobre todo la inicial, porque \u201ces lo primero que ve la gente\u201d y de esto depende el \u00e9xito del posteo.<\/p>\n\n\n\n<p>\u00c9l solo dirige y edita todo su material, aunque confes\u00f3 que su hermano \u201cser\u00eda una excelente ayuda\u201d, por lo que est\u00e1 insistiendo en que se mude a este lado del continente.<\/p>\n\n\n\n<p>Su tema principal es Argentina porque ac\u00e1 encontr\u00f3 el tiempo necesario para crear y&nbsp;<strong>es lo que lo hace feliz<\/strong>. Adem\u00e1s, debe atribuirle gran parte de su \u00e9xito reciente al p\u00fablico que \u201cama Argentina a muerte\u201d y quiere seguir redescubriendo su tierra a trav\u00e9s de los ojos del venezolano.<\/p>\n\n\n\n<p>Para encontrar la inspiraci\u00f3n, sale a recorrer la ciudad, investiga en internet o recurre a un \u201carma secreta\u201d que no quiso nombrar.<\/p>\n\n\n\n<h2 class=\"wp-block-heading\">Con la br\u00fajula al sur<\/h2>\n\n\n\n<p>Morgan Mirabal tiene 29 a\u00f1os y es oriundo de Barquisimeto, la capital del estado Lara, en Venezuela.<\/p>\n\n\n\n<p>Sigui\u00f3 los pasos de su abuelo y su padre y se convirti\u00f3 en marino mercante. Egres\u00f3 de la Universidad Mar\u00edtima del Caribe en Catia La Mar, estado La Guaira. Es la \u00fanica en el pa\u00eds que ofrece esta carrera.<\/p>\n\n\n\n<p>Un marino mercante, explic\u00f3,\u00a0<strong>puede navegar por m\u00e1s de un a\u00f1o seguido<\/strong>. Disfrut\u00f3 ser marino mercante, pero su amor por la creaci\u00f3n de contenidos y el tiempo que su trabajo lo mantiene lejos de su familia le hicieron cambiar de rumbo.<\/p>\n\n\n\n<p>Decidi\u00f3 emigrar porque los vientos no lo favorecieron en su pa\u00eds. Despu\u00e9s de navegar por el Caribe durante el a\u00f1o que dur\u00f3 su pasant\u00eda, estuvo desempleado por seis meses. \u201cDespert\u00e9 una ma\u00f1ana y supe que ten\u00eda que emigrar\u201d, afirm\u00f3, y parti\u00f3 a Nueva York, donde lo recibi\u00f3 un amigo. Vivi\u00f3 en esa ciudad un a\u00f1o y decidi\u00f3 virar al sur.<\/p>\n\n\n\n<p>\u00bfPor qu\u00e9 Argentina? \u201c<strong>La gente nos quiere<\/strong>\u201d, remarc\u00f3 Morgan y asegur\u00f3 que se siente bien ac\u00e1.<\/p>\n\n\n\n<p>Por su parte,&nbsp;<strong>la apertura del pa\u00eds para la obtenci\u00f3n del documento&nbsp;<\/strong>fue crucial. Adem\u00e1s, deb\u00eda pedir asilo pol\u00edtico si hubiese escogido quedarse en Estados Unidos y esto le hubiese impedido ejercer como marino.<\/p>\n\n\n\n<p>Lleg\u00f3 al pa\u00eds en 2018 y se enamor\u00f3 de la arquitectura de Capital, \u201ces como Europa\u201d, afirm\u00f3, \u201cse puede caminar a cualquier punto\u201d; y le sorprendi\u00f3 lo variados que son los ecosistemas en las provincias. Esto le recuerda a Venezuela.<\/p>\n\n\n\n<p>Su nuevo comienzo lo inspir\u00f3 a retomar la realizaci\u00f3n audiovisual. Sin embargo, en 2019 encontr\u00f3 un trabajo que lo llev\u00f3 a Croacia y a Italia, por lo que&nbsp;<strong>tuvo que pausar sus proyectos creativos<\/strong>&nbsp;y viajar de nuevo. Naveg\u00f3 durante un a\u00f1o y nueve meses, hasta que regres\u00f3 a Buenos Aires en enero. Espera que esta vez sea para quedarse.<\/p>\n\n\n\n<h2 class=\"wp-block-heading\">Una nueva traves\u00eda<\/h2>\n\n\n\n<p><strong>A Morgan le encanta el mar<\/strong>. Esta fue una de las razones por las que quiso ejercer su profesi\u00f3n. A pesar de que asegur\u00f3 que el trabajo en una embarcaci\u00f3n es muy fuerte y remarc\u00f3 que no son unas vacaciones, estos empleos le permitieron conocer lugares maravillosos.<\/p>\n\n\n\n<p>Sin embargo, ya tom\u00f3 una decisi\u00f3n: \u201cSiempre he amado hacer los videos pero tuve que durar dos a\u00f1os embarcado para darme cuenta de que esto es lo que quiero hacer\u201d.<\/p>\n\n\n\n<p>\u201c<strong>No voy tras el dinero<\/strong>. S\u00ed me cost\u00f3 demasiado la decisi\u00f3n, pero eleg\u00ed mi felicidad. Lo hago porque quiero expresarme\u201d, reconoci\u00f3, ya que es consciente de lo que implica un cambio de carrera.<\/p>\n\n\n\n<p><strong>El apoyo de sus padres<\/strong>&nbsp;desde la \u00e9poca en que publicaba en Vine tambi\u00e9n alent\u00f3 a Morgan a dar el paso, as\u00ed que aspira a afianzar una carrera como realizador en un futuro y est\u00e1 abierto a toda experiencia en el medio audiovisual: \u201cCualquier oportunidad de direcci\u00f3n o de creaci\u00f3n de video me encantar\u00eda\u201d, afirm\u00f3 con optimismo.<\/p>\n","protected":false},"excerpt":{"rendered":"<p>Recorre Argentina y los rincones de la capital en b\u00fasqueda de curiosidades. \u201cLa belleza est\u00e1 en los ojos de quien mira\u201d es una frase que se materializa en\u00a0Morgan Mirabal, el&hellip; <\/p>\n","protected":false},"author":6,"featured_media":9487,"comment_status":"closed","ping_status":"open","sticky":false,"template":"","format":"standard","meta":{"footnotes":""},"categories":[1],"tags":[],"class_list":["post-9485","post","type-post","status-publish","format-standard","has-post-thumbnail","hentry","category-informacion-general"],"_links":{"self":[{"href":"https:\/\/corrientesdetarde.com\/index.php\/wp-json\/wp\/v2\/posts\/9485","targetHints":{"allow":["GET"]}}],"collection":[{"href":"https:\/\/corrientesdetarde.com\/index.php\/wp-json\/wp\/v2\/posts"}],"about":[{"href":"https:\/\/corrientesdetarde.com\/index.php\/wp-json\/wp\/v2\/types\/post"}],"author":[{"embeddable":true,"href":"https:\/\/corrientesdetarde.com\/index.php\/wp-json\/wp\/v2\/users\/6"}],"replies":[{"embeddable":true,"href":"https:\/\/corrientesdetarde.com\/index.php\/wp-json\/wp\/v2\/comments?post=9485"}],"version-history":[{"count":1,"href":"https:\/\/corrientesdetarde.com\/index.php\/wp-json\/wp\/v2\/posts\/9485\/revisions"}],"predecessor-version":[{"id":9489,"href":"https:\/\/corrientesdetarde.com\/index.php\/wp-json\/wp\/v2\/posts\/9485\/revisions\/9489"}],"wp:featuredmedia":[{"embeddable":true,"href":"https:\/\/corrientesdetarde.com\/index.php\/wp-json\/wp\/v2\/media\/9487"}],"wp:attachment":[{"href":"https:\/\/corrientesdetarde.com\/index.php\/wp-json\/wp\/v2\/media?parent=9485"}],"wp:term":[{"taxonomy":"category","embeddable":true,"href":"https:\/\/corrientesdetarde.com\/index.php\/wp-json\/wp\/v2\/categories?post=9485"},{"taxonomy":"post_tag","embeddable":true,"href":"https:\/\/corrientesdetarde.com\/index.php\/wp-json\/wp\/v2\/tags?post=9485"}],"curies":[{"name":"wp","href":"https:\/\/api.w.org\/{rel}","templated":true}]}}