{"id":94850,"date":"2023-10-12T21:14:38","date_gmt":"2023-10-13T00:14:38","guid":{"rendered":"https:\/\/corrientesdetarde.com\/?p=94850"},"modified":"2023-10-12T21:14:42","modified_gmt":"2023-10-13T00:14:42","slug":"emiten-alerta-roja-para-prohibir-la-salida-del-pais-del-dueno-de-la-mayor-cueva-de-la-city","status":"publish","type":"post","link":"https:\/\/corrientesdetarde.com\/index.php\/economia\/emiten-alerta-roja-para-prohibir-la-salida-del-pais-del-dueno-de-la-mayor-cueva-de-la-city\/","title":{"rendered":"Emiten &#8220;alerta roja&#8221; para prohibir la salida del pa\u00eds del due\u00f1o de la mayor cueva de la City"},"content":{"rendered":"\n<p>La decisi\u00f3n apunta al croata Ivo Esteban Rojnica, due\u00f1o de &#8220;Nimbus&#8221;. El Gobierno tambi\u00e9n pedir\u00e1 la prisi\u00f3n preventiva.<\/p>\n\n\n\n<p>El Gobierno emiti\u00f3 un &#8220;alerta roja&#8221; para prohibir la salida del pa\u00eds del croata Ivo Esteban Rojnica, due\u00f1o de la mayor &#8220;cueva&#8221; de la City porte\u00f1a. Adem\u00e1s, pedir\u00e1 la detenci\u00f3n preventiva de esa persona en juzgado federal, se inform\u00f3 oficialmente.<\/p>\n\n\n\n<p>La decisi\u00f3n se tom\u00f3 luego de los operativos que se realizaron el microcentro porte\u00f1o hasta la noche del mi\u00e9rcoles y que tuvieron como foco las &#8220;cuevas&#8221; que operan d\u00f3lar blue.<\/p>\n\n\n\n<p>Los allanamientos, a cargo de la Aduana y la Polic\u00eda Federal, fueron autorizados por el juez federal Marcelo Mart\u00ednez de Giorgi.<\/p>\n\n\n\n<p>El resultado m\u00e1s relevante de esos operativos fue el allanamiento en San Martin 140, piso 19, donde opera &#8220;Nimbus&#8221;, el nombre de fantas\u00eda de una &#8220;cueva&#8221;.<\/p>\n\n\n\n<p>Pero el nombre que surgi\u00f3 detr\u00e1s de esas oficinas fue el del croata Ivo Esteban Rojnica, quien realmente las utilizar\u00eda y es considerado el principal operador de blue de la City, consignaron fuentes judiciales.<\/p>\n\n\n\n<p>El ministro de Econom\u00eda, Sergio Massa, hab\u00eda anunciado esta semana, en plena corrida del d\u00f3lar, que el &#8220;rey de los cueveros&#8221; se le hab\u00eda escapado por poco y hasta dijo que hab\u00eda viajado a Uruguay.<\/p>\n","protected":false},"excerpt":{"rendered":"<p>La decisi\u00f3n apunta al croata Ivo Esteban Rojnica, due\u00f1o de &#8220;Nimbus&#8221;. El Gobierno tambi\u00e9n pedir\u00e1 la prisi\u00f3n preventiva. El Gobierno emiti\u00f3 un &#8220;alerta roja&#8221; para prohibir la salida del pa\u00eds&hellip; <\/p>\n","protected":false},"author":4,"featured_media":94851,"comment_status":"closed","ping_status":"open","sticky":false,"template":"","format":"standard","meta":{"footnotes":""},"categories":[20],"tags":[],"class_list":["post-94850","post","type-post","status-publish","format-standard","has-post-thumbnail","hentry","category-economia"],"_links":{"self":[{"href":"https:\/\/corrientesdetarde.com\/index.php\/wp-json\/wp\/v2\/posts\/94850","targetHints":{"allow":["GET"]}}],"collection":[{"href":"https:\/\/corrientesdetarde.com\/index.php\/wp-json\/wp\/v2\/posts"}],"about":[{"href":"https:\/\/corrientesdetarde.com\/index.php\/wp-json\/wp\/v2\/types\/post"}],"author":[{"embeddable":true,"href":"https:\/\/corrientesdetarde.com\/index.php\/wp-json\/wp\/v2\/users\/4"}],"replies":[{"embeddable":true,"href":"https:\/\/corrientesdetarde.com\/index.php\/wp-json\/wp\/v2\/comments?post=94850"}],"version-history":[{"count":1,"href":"https:\/\/corrientesdetarde.com\/index.php\/wp-json\/wp\/v2\/posts\/94850\/revisions"}],"predecessor-version":[{"id":94852,"href":"https:\/\/corrientesdetarde.com\/index.php\/wp-json\/wp\/v2\/posts\/94850\/revisions\/94852"}],"wp:featuredmedia":[{"embeddable":true,"href":"https:\/\/corrientesdetarde.com\/index.php\/wp-json\/wp\/v2\/media\/94851"}],"wp:attachment":[{"href":"https:\/\/corrientesdetarde.com\/index.php\/wp-json\/wp\/v2\/media?parent=94850"}],"wp:term":[{"taxonomy":"category","embeddable":true,"href":"https:\/\/corrientesdetarde.com\/index.php\/wp-json\/wp\/v2\/categories?post=94850"},{"taxonomy":"post_tag","embeddable":true,"href":"https:\/\/corrientesdetarde.com\/index.php\/wp-json\/wp\/v2\/tags?post=94850"}],"curies":[{"name":"wp","href":"https:\/\/api.w.org\/{rel}","templated":true}]}}