{"id":94853,"date":"2023-10-12T21:21:13","date_gmt":"2023-10-13T00:21:13","guid":{"rendered":"https:\/\/corrientesdetarde.com\/?p=94853"},"modified":"2023-10-12T21:21:25","modified_gmt":"2023-10-13T00:21:25","slug":"alivio-fiscal-para-pymes-came-destaco-la-medida-anunciada-por-la-afip","status":"publish","type":"post","link":"https:\/\/corrientesdetarde.com\/index.php\/economia\/alivio-fiscal-para-pymes-came-destaco-la-medida-anunciada-por-la-afip\/","title":{"rendered":"Alivio fiscal para pymes: CAME destac\u00f3 la medida anunciada por la AFIP"},"content":{"rendered":"\n<p>Desde la entidad gremial-empresaria celebraron la medida \u201cen un contexto de ca\u00edda del consumo y de falta de liquidez\u201d.<\/p>\n\n\n\n<p>La Confederaci\u00f3n Argentina de la Mediana Empresa (CAME) destac\u00f3 el\u00a0alivio fiscal para micro y peque\u00f1as empresas anunciado este jueves por la Administraci\u00f3n Federal de Ingresos P\u00fablicos (AFIP)\u00a0mediante la Resoluci\u00f3n General N\u00b0 5431.<\/p>\n\n\n\n<p>La entidad gremial-empresaria expres\u00f3, a trav\u00e9s de un comunicado, su<strong>&nbsp;apoyo a la decisi\u00f3n de la AFIP sobre modificaciones en la tasa Badlar para mipymes<\/strong>&nbsp;que hayan adherido al plan de facilidades de pago que el organismo otorg\u00f3 en noviembre de 2021 en cumplimiento de la Ley 27.653 de \u201cAlivio fiscal para fortalecer la salida econ\u00f3mica y social de la pandemia generada por el COVID-19\u201d.<\/p>\n\n\n\n<p>Desde CAME recordaron que en aquel entonces, a trav\u00e9s de la Resoluci\u00f3n General N\u00b0 5101, se dispuso que aquellas mipymes que hubieran adherido a dicho plan abonaran desde abril de 2022 hasta marzo de 2023 una tasa fija del 1,5% mensual.<\/p>\n\n\n\n<p>En tanto que a partir de la cuota 13, el 16 de abril de este a\u00f1o, se comenz\u00f3 a aplicar la tasa Badlar, que es la que se usa entre los bancos. Desde la entidad indicaron que&nbsp;<strong>\u201cesta situaci\u00f3n gener\u00f3 que a casi 180.000 empresas se les haya triplicado el valor de la cuota y de la deuda, debido a que la tasa Badlar en ese momento estaba alrededor del 78% anual\u201d.<\/strong><\/p>\n\n\n\n<p>A partir de la nueva resoluci\u00f3n de AFIP se postergar\u00e1 hasta abril de 2024 la actualizaci\u00f3n que deb\u00eda realizarse el 16 de octubre pr\u00f3ximo y que implicar\u00eda un incremento de las cuotas de alrededor del 40%, debido a que la actual tasa Badlar ronda el 118% anual.<\/p>\n\n\n\n<p>Esto significa, que por&nbsp;<strong>el pr\u00f3ximo semestre se continuar\u00e1 con la tasa Badlar de alrededor del 78% anual.<\/strong>&nbsp;A su vez, se estableci\u00f3 que a partir de abril de 2024 el ajuste en el valor de las cuotas ser\u00e1 anual y no semestral.<\/p>\n\n\n\n<p>Al respecto, la entidad manifest\u00f3 que&nbsp;<strong>\u201cen un contexto de ca\u00edda del consumo y de falta de liquidez, CAME apoya esta decisi\u00f3n de AFIP que beneficiar\u00e1 a todas las pymes que hayan adherido al plan de facilidades de pago definido por la ley aprobada durante la pandemia y que suman 155.888 microempresas y 21.501 peque\u00f1as empresas\u201d.<\/strong><\/p>\n","protected":false},"excerpt":{"rendered":"<p>Desde la entidad gremial-empresaria celebraron la medida \u201cen un contexto de ca\u00edda del consumo y de falta de liquidez\u201d. La Confederaci\u00f3n Argentina de la Mediana Empresa (CAME) destac\u00f3 el\u00a0alivio fiscal&hellip; <\/p>\n","protected":false},"author":4,"featured_media":94854,"comment_status":"closed","ping_status":"open","sticky":false,"template":"","format":"standard","meta":{"footnotes":""},"categories":[20],"tags":[],"class_list":["post-94853","post","type-post","status-publish","format-standard","has-post-thumbnail","hentry","category-economia"],"_links":{"self":[{"href":"https:\/\/corrientesdetarde.com\/index.php\/wp-json\/wp\/v2\/posts\/94853","targetHints":{"allow":["GET"]}}],"collection":[{"href":"https:\/\/corrientesdetarde.com\/index.php\/wp-json\/wp\/v2\/posts"}],"about":[{"href":"https:\/\/corrientesdetarde.com\/index.php\/wp-json\/wp\/v2\/types\/post"}],"author":[{"embeddable":true,"href":"https:\/\/corrientesdetarde.com\/index.php\/wp-json\/wp\/v2\/users\/4"}],"replies":[{"embeddable":true,"href":"https:\/\/corrientesdetarde.com\/index.php\/wp-json\/wp\/v2\/comments?post=94853"}],"version-history":[{"count":1,"href":"https:\/\/corrientesdetarde.com\/index.php\/wp-json\/wp\/v2\/posts\/94853\/revisions"}],"predecessor-version":[{"id":94855,"href":"https:\/\/corrientesdetarde.com\/index.php\/wp-json\/wp\/v2\/posts\/94853\/revisions\/94855"}],"wp:featuredmedia":[{"embeddable":true,"href":"https:\/\/corrientesdetarde.com\/index.php\/wp-json\/wp\/v2\/media\/94854"}],"wp:attachment":[{"href":"https:\/\/corrientesdetarde.com\/index.php\/wp-json\/wp\/v2\/media?parent=94853"}],"wp:term":[{"taxonomy":"category","embeddable":true,"href":"https:\/\/corrientesdetarde.com\/index.php\/wp-json\/wp\/v2\/categories?post=94853"},{"taxonomy":"post_tag","embeddable":true,"href":"https:\/\/corrientesdetarde.com\/index.php\/wp-json\/wp\/v2\/tags?post=94853"}],"curies":[{"name":"wp","href":"https:\/\/api.w.org\/{rel}","templated":true}]}}