{"id":9488,"date":"2022-10-07T18:33:35","date_gmt":"2022-10-07T21:33:35","guid":{"rendered":"https:\/\/corrientesdetarde.com\/?p=9488"},"modified":"2022-10-07T18:33:38","modified_gmt":"2022-10-07T21:33:38","slug":"l-gante-le-hizo-un-invaluable-regalo-a-wanda-nara-fue-el-mas-lindo-del-ultimo-tiempo","status":"publish","type":"post","link":"https:\/\/corrientesdetarde.com\/index.php\/espectaculos\/l-gante-le-hizo-un-invaluable-regalo-a-wanda-nara-fue-el-mas-lindo-del-ultimo-tiempo\/","title":{"rendered":"L-Gante le hizo un invaluable regalo a Wanda Nara: \u201cFue el m\u00e1s lindo del \u00faltimo tiempo\u201d."},"content":{"rendered":"\n<h2 class=\"wp-block-heading\">A trav\u00e9s de sus historias de Instagram, la empresaria medi\u00e1tica sorprendi\u00f3 contando el tierno gesto que tuvo con ella el cantante.<\/h2>\n\n\n\n<p>En las \u00faltimas semana\u00a0<strong>Wanda Nara<\/strong>\u00a0fue vinculada a\u00a0<strong>L-Gante<\/strong>. Ellos no niegan ni afirman, solo juegan al misterio y se alimentan las versiones con llamativos gui\u00f1os en redes sociales. Sin ir m\u00e1s lejos hace unas horas la empresaria medi\u00e1tica cont\u00f3 que\u00a0<strong>el referente de la Cumbia 420 le hizo un invaluable regalo.<\/strong><\/p>\n\n\n\n<p>Todo comenz\u00f3 despu\u00e9s de que la modelo habilitara una caja de preguntas en sus historias de Instagram para que sus seguidores le consultaran lo que quisieran. \u201c<strong>Cu\u00e1l fue el regalo m\u00e1s lindo que te regalaron en el \u00faltimo tiempo?<\/strong>\u201d, quiso saber un usuario.<\/p>\n\n\n\n<p>Lejos de responder con algo material, la empresaria cont\u00f3: \u201c<strong>Una canci\u00f3n. La m\u00e1s linda de todas las que tiene<\/strong>. Pero creo que nunca se animar\u00e1 a sacarla\u201d.<\/p>\n\n\n\n<figure class=\"wp-block-image size-large\"><img loading=\"lazy\" decoding=\"async\" width=\"588\" height=\"1024\" src=\"https:\/\/corrientesdetarde.com\/wp-content\/uploads\/2022\/10\/XSTTAN26NZHPNA4XFZ43AL5C2M-588x1024.webp\" alt=\"\" class=\"wp-image-9490\" srcset=\"https:\/\/corrientesdetarde.com\/wp-content\/uploads\/2022\/10\/XSTTAN26NZHPNA4XFZ43AL5C2M-588x1024.webp 588w, https:\/\/corrientesdetarde.com\/wp-content\/uploads\/2022\/10\/XSTTAN26NZHPNA4XFZ43AL5C2M-172x300.webp 172w, https:\/\/corrientesdetarde.com\/wp-content\/uploads\/2022\/10\/XSTTAN26NZHPNA4XFZ43AL5C2M-768x1338.webp 768w, https:\/\/corrientesdetarde.com\/wp-content\/uploads\/2022\/10\/XSTTAN26NZHPNA4XFZ43AL5C2M-882x1536.webp 882w, https:\/\/corrientesdetarde.com\/wp-content\/uploads\/2022\/10\/XSTTAN26NZHPNA4XFZ43AL5C2M-1176x2048.webp 1176w, https:\/\/corrientesdetarde.com\/wp-content\/uploads\/2022\/10\/XSTTAN26NZHPNA4XFZ43AL5C2M.webp 1440w\" sizes=\"auto, (max-width: 588px) 100vw, 588px\" \/><\/figure>\n\n\n\n<p>Si bien no nombr\u00f3 al autor, el referente de m\u00fasico se hizo eco del posteo, lo comparti\u00f3 en sus historias y agreg\u00f3 con complicidad: \u201c<strong>Jajaja bien bandida la canci\u00f3n\u201d.<\/strong><\/p>\n\n\n\n<h2 class=\"wp-block-heading\">Wanda Nara habl\u00f3 del \u00e9xito, de la relaci\u00f3n con sus hijos y de sus proyectos<\/h2>\n\n\n\n<p>Este viernes Wanda Nara respondi\u00f3 a las inquietudes de sus m\u00e1s de 15 millones de seguidores a trav\u00e9s de sus historias de Instagram. En primer lugar dej\u00f3 en claro que<strong>&nbsp;est\u00e1 soltera.<\/strong><\/p>\n\n\n\n<p>Respecto al \u00e9xito, advirti\u00f3: \u201c<strong>Cu\u00e1nto m\u00e1s \u00e9xito tengas m\u00e1s problemas, m\u00e1s envidia.<\/strong>\u00a0El secreto es que nada ni nadie te desenfoque\u201d. Pero dio \u201cun\u00a0<strong>consejo para ser impermeable a las cr\u00edticas de los opin\u00f3logos<\/strong>\u201d: \u201cConocer tu esencia y que la \u00fanica realidad es la que viv\u00eds y nadie sabe\u201d.<\/p>\n\n\n\n<figure class=\"wp-block-image size-large\"><img loading=\"lazy\" decoding=\"async\" width=\"1024\" height=\"944\" src=\"https:\/\/corrientesdetarde.com\/wp-content\/uploads\/2022\/10\/J23A2NMKWVGVJCJGJEHHV32L4U-1024x944.webp\" alt=\"\" class=\"wp-image-9491\" srcset=\"https:\/\/corrientesdetarde.com\/wp-content\/uploads\/2022\/10\/J23A2NMKWVGVJCJGJEHHV32L4U-1024x944.webp 1024w, https:\/\/corrientesdetarde.com\/wp-content\/uploads\/2022\/10\/J23A2NMKWVGVJCJGJEHHV32L4U-300x276.webp 300w, https:\/\/corrientesdetarde.com\/wp-content\/uploads\/2022\/10\/J23A2NMKWVGVJCJGJEHHV32L4U-768x708.webp 768w, https:\/\/corrientesdetarde.com\/wp-content\/uploads\/2022\/10\/J23A2NMKWVGVJCJGJEHHV32L4U.webp 1440w\" sizes=\"auto, (max-width: 1024px) 100vw, 1024px\" \/><\/figure>\n\n\n\n<p>Al ser consultada acerca de si\u00a0<strong>extra\u00f1a a sus hijos<\/strong>, afirm\u00f3:\u00a0<strong>\u201cMucho\u201d<\/strong>. Sin embargo, dej\u00f3 en claro que es parte del acuerdo que tiene con Maxi L\u00f3pez y Mauro Icardi. \u201cEstoy siempre 24 horas con ellos y ahora hablamos todo el d\u00eda por c\u00e1mara. Pero el acuerdo que tenemos con sus pap\u00e1s es que puedan pasar periodos largos as\u00ed pueden disfrutar m\u00e1s, ya que cuando sus pap\u00e1s trabajan, estoy y estuve siempre sola con ellos periodos hasta m\u00e1s largos\u201d. \u201c<strong>Es la primera vez que en vez de esperar en casa, espero trabajando en mi pa\u00eds<\/strong>\u201d, concluy\u00f3.<\/p>\n\n\n\n<figure class=\"wp-block-image size-large\"><img loading=\"lazy\" decoding=\"async\" width=\"1024\" height=\"659\" src=\"https:\/\/corrientesdetarde.com\/wp-content\/uploads\/2022\/10\/HBBM2ARXI5B57JJVMVKJJDJFTU-1024x659.jpg\" alt=\"\" class=\"wp-image-9492\" srcset=\"https:\/\/corrientesdetarde.com\/wp-content\/uploads\/2022\/10\/HBBM2ARXI5B57JJVMVKJJDJFTU-1024x659.jpg 1024w, https:\/\/corrientesdetarde.com\/wp-content\/uploads\/2022\/10\/HBBM2ARXI5B57JJVMVKJJDJFTU-300x193.jpg 300w, https:\/\/corrientesdetarde.com\/wp-content\/uploads\/2022\/10\/HBBM2ARXI5B57JJVMVKJJDJFTU-768x494.jpg 768w, https:\/\/corrientesdetarde.com\/wp-content\/uploads\/2022\/10\/HBBM2ARXI5B57JJVMVKJJDJFTU.jpg 1440w\" sizes=\"auto, (max-width: 1024px) 100vw, 1024px\" \/><\/figure>\n\n\n\n<p>Para cerrar habl\u00f3 de sus proyectos y cont\u00f3 que est\u00e1 terminando las grabaciones de\u00a0<em>\u00bfQui\u00e9n es la m\u00e1scara?<\/em>\u00a0(<em>Telefe<\/em>), que despu\u00e9s de eso har\u00e1 algunas campa\u00f1as de publicidad y pr\u00f3ximamente har\u00e1 algunos trabajos para\u00a0<em>Gran Hermano\u00a0<\/em>(<em>Telefe<\/em>). Adem\u00e1s, cont\u00f3 que en octubre lanza una nueva colecci\u00f3n de trajes de ba\u00f1o, que contin\u00faa con su marca de cosm\u00e9ticos y que est\u00e1 apostando de lleno a su l\u00ednea deportiva.<\/p>\n","protected":false},"excerpt":{"rendered":"<p>A trav\u00e9s de sus historias de Instagram, la empresaria medi\u00e1tica sorprendi\u00f3 contando el tierno gesto que tuvo con ella el cantante. En las \u00faltimas semana\u00a0Wanda Nara\u00a0fue vinculada a\u00a0L-Gante. Ellos no&hellip; <\/p>\n","protected":false},"author":6,"featured_media":9493,"comment_status":"closed","ping_status":"open","sticky":false,"template":"","format":"standard","meta":{"footnotes":""},"categories":[19],"tags":[],"class_list":["post-9488","post","type-post","status-publish","format-standard","has-post-thumbnail","hentry","category-espectaculos"],"_links":{"self":[{"href":"https:\/\/corrientesdetarde.com\/index.php\/wp-json\/wp\/v2\/posts\/9488","targetHints":{"allow":["GET"]}}],"collection":[{"href":"https:\/\/corrientesdetarde.com\/index.php\/wp-json\/wp\/v2\/posts"}],"about":[{"href":"https:\/\/corrientesdetarde.com\/index.php\/wp-json\/wp\/v2\/types\/post"}],"author":[{"embeddable":true,"href":"https:\/\/corrientesdetarde.com\/index.php\/wp-json\/wp\/v2\/users\/6"}],"replies":[{"embeddable":true,"href":"https:\/\/corrientesdetarde.com\/index.php\/wp-json\/wp\/v2\/comments?post=9488"}],"version-history":[{"count":1,"href":"https:\/\/corrientesdetarde.com\/index.php\/wp-json\/wp\/v2\/posts\/9488\/revisions"}],"predecessor-version":[{"id":9494,"href":"https:\/\/corrientesdetarde.com\/index.php\/wp-json\/wp\/v2\/posts\/9488\/revisions\/9494"}],"wp:featuredmedia":[{"embeddable":true,"href":"https:\/\/corrientesdetarde.com\/index.php\/wp-json\/wp\/v2\/media\/9493"}],"wp:attachment":[{"href":"https:\/\/corrientesdetarde.com\/index.php\/wp-json\/wp\/v2\/media?parent=9488"}],"wp:term":[{"taxonomy":"category","embeddable":true,"href":"https:\/\/corrientesdetarde.com\/index.php\/wp-json\/wp\/v2\/categories?post=9488"},{"taxonomy":"post_tag","embeddable":true,"href":"https:\/\/corrientesdetarde.com\/index.php\/wp-json\/wp\/v2\/tags?post=9488"}],"curies":[{"name":"wp","href":"https:\/\/api.w.org\/{rel}","templated":true}]}}