{"id":94930,"date":"2023-10-13T10:59:32","date_gmt":"2023-10-13T13:59:32","guid":{"rendered":"https:\/\/corrientesdetarde.com\/?p=94930"},"modified":"2023-10-13T10:59:44","modified_gmt":"2023-10-13T13:59:44","slug":"penso-que-su-hijo-tenia-un-sarpullido-por-el-sol-pero-le-dieron-el-peor-diagnostico-estoy-destrozada","status":"publish","type":"post","link":"https:\/\/corrientesdetarde.com\/index.php\/internacionales\/penso-que-su-hijo-tenia-un-sarpullido-por-el-sol-pero-le-dieron-el-peor-diagnostico-estoy-destrozada\/","title":{"rendered":"Pens\u00f3 que su hijo ten\u00eda un sarpullido por el sol pero le dieron el peor diagn\u00f3stico: \u201cEstoy destrozada\u201d"},"content":{"rendered":"\n<p>Charlotte Squibbs, de 38 a\u00f1os oriunda de Rochdale,\u00a0<strong>Reino Unido<\/strong>, volv\u00eda a su casa de unas vacaciones cuando not\u00f3 que su hijo Tommy, de tres a\u00f1os, ten\u00eda unas\u00a0<strong>manchas\u00a0<\/strong>en el cuerpo. Al principio, pens\u00f3 que se trataba de un sarpullido provocado por el calor que hac\u00eda en su viaje a Francia. Sin embargo, el diagn\u00f3stico ser\u00eda mucho peor de lo que esperaba.<\/p>\n\n\n\n<p>Con el paso de los d\u00edas, los peque\u00f1os \u201cgranos\u201d en el cuerpo del nene se tornaron de color morado y formaron moretones en los brazos, las piernas, la espalda y la cara. En ese momento, la madre y su marido, Daniel, decidieron llevarlo a un hospital de urgencia.<\/p>\n\n\n\n<p>Adem\u00e1s de los hematomas, otros s\u00edntomas que Tommy sufr\u00eda eran&nbsp;<strong>fatiga&nbsp;<\/strong>y&nbsp;<strong>piel p\u00e1lida<\/strong>, por lo que, al principio, los m\u00e9dicos pensaron que se trataba de una&nbsp;<strong>infecci\u00f3n viral<\/strong>.<\/p>\n\n\n\n<p>\u201cEstando all\u00ed le hicieron an\u00e1lisis de sangre y esto de por s\u00ed fue muy&nbsp;<strong>traum\u00e1tico<\/strong>, ya que sus venas eran dif\u00edciles de localizar. Pens\u00e9 que los moretones se deb\u00edan a lo rudo que es con sus hermanos, pero&nbsp;<strong>estaba totalmente equivocada<\/strong>\u201d, cont\u00f3 Charlotte en di\u00e1logo con&nbsp;<em>The Sun<\/em>.<\/p>\n\n\n\n<figure class=\"wp-block-image\"><img decoding=\"async\" src=\"https:\/\/tn.com.ar\/resizer\/LtmRZAKDZYyWOlW1dObW6HIs3Lc=\/767x0\/smart\/filters:format(webp)\/cloudfront-us-east-1.images.arcpublishing.com\/artear\/QMCBRY3OTVB5PMA7CJDTEUHLCA.PNG\" alt=\"Actualmente, Tommy se encuentra bajo tratamiento. (Foto: TikTok\/dansquibbs)\"\/><figcaption>Actualmente, Tommy se encuentra bajo tratamiento. (Foto: TikTok\/dansquibbs)<\/figcaption><\/figure>\n\n\n\n<p>Despu\u00e9s de obtener los resultados, la familia recibi\u00f3 la peor noticia:&nbsp;<strong>su hijo ten\u00eda leucemia<\/strong>. \u201cMe sent\u00ed conmocionada y molesta, ya que no ten\u00edamos idea de qu\u00e9 esperar;&nbsp;<strong>no pod\u00edamos evitar temer lo peor<\/strong>. Estoy absolutamente&nbsp;<strong>desconsolada&nbsp;<\/strong>porque nuestro peque\u00f1o tenga que pasar por esto y desear\u00eda que pudi\u00e9ramos intercambiar lugares\u201d, dijo la mujer.<\/p>\n\n\n\n<p>Los padres contaron que Tommy tiene\u00a0<strong>s\u00edndrome de down<\/strong>, por lo cual tiene menos tolerancia a la quimioterapia, as\u00ed que tuvieron que hacerle una transfusi\u00f3n de sangre y plaquetas. Tambi\u00e9n confesaron que la situaci\u00f3n es extremadamente angustiante ya que el nene no tiene habilidades verbales y no puede comunicarse.<\/p>\n\n\n\n<p>Actualmente, el chico est\u00e1 bajo tratamiento y, tanto Charlotte como Daniel, cuentan su historia para evitar que a otros les pase lo mismo y crear conciencia sobre las se\u00f1ales a las cuales hay que prestar atenci\u00f3n.<\/p>\n\n\n\n<p>\u201cA cualquier otro padre que est\u00e9 pasando por esto, los insto a que&nbsp;<strong>mantengan una actitud positiva<\/strong>, tomen cada d\u00eda como viene, acepten cualquier ayuda ofrecida y se cuiden.&nbsp;<strong>Debes ser fuerte para tu hijo y estar ah\u00ed cuando te necesite<\/strong>\u201d.<\/p>\n","protected":false},"excerpt":{"rendered":"<p>Charlotte Squibbs, de 38 a\u00f1os oriunda de Rochdale,\u00a0Reino Unido, volv\u00eda a su casa de unas vacaciones cuando not\u00f3 que su hijo Tommy, de tres a\u00f1os, ten\u00eda unas\u00a0manchas\u00a0en el cuerpo. Al&hellip; <\/p>\n","protected":false},"author":12,"featured_media":94943,"comment_status":"closed","ping_status":"open","sticky":false,"template":"","format":"standard","meta":{"footnotes":""},"categories":[11],"tags":[],"class_list":["post-94930","post","type-post","status-publish","format-standard","has-post-thumbnail","hentry","category-internacionales"],"_links":{"self":[{"href":"https:\/\/corrientesdetarde.com\/index.php\/wp-json\/wp\/v2\/posts\/94930","targetHints":{"allow":["GET"]}}],"collection":[{"href":"https:\/\/corrientesdetarde.com\/index.php\/wp-json\/wp\/v2\/posts"}],"about":[{"href":"https:\/\/corrientesdetarde.com\/index.php\/wp-json\/wp\/v2\/types\/post"}],"author":[{"embeddable":true,"href":"https:\/\/corrientesdetarde.com\/index.php\/wp-json\/wp\/v2\/users\/12"}],"replies":[{"embeddable":true,"href":"https:\/\/corrientesdetarde.com\/index.php\/wp-json\/wp\/v2\/comments?post=94930"}],"version-history":[{"count":1,"href":"https:\/\/corrientesdetarde.com\/index.php\/wp-json\/wp\/v2\/posts\/94930\/revisions"}],"predecessor-version":[{"id":94944,"href":"https:\/\/corrientesdetarde.com\/index.php\/wp-json\/wp\/v2\/posts\/94930\/revisions\/94944"}],"wp:featuredmedia":[{"embeddable":true,"href":"https:\/\/corrientesdetarde.com\/index.php\/wp-json\/wp\/v2\/media\/94943"}],"wp:attachment":[{"href":"https:\/\/corrientesdetarde.com\/index.php\/wp-json\/wp\/v2\/media?parent=94930"}],"wp:term":[{"taxonomy":"category","embeddable":true,"href":"https:\/\/corrientesdetarde.com\/index.php\/wp-json\/wp\/v2\/categories?post=94930"},{"taxonomy":"post_tag","embeddable":true,"href":"https:\/\/corrientesdetarde.com\/index.php\/wp-json\/wp\/v2\/tags?post=94930"}],"curies":[{"name":"wp","href":"https:\/\/api.w.org\/{rel}","templated":true}]}}