{"id":94932,"date":"2023-10-13T10:53:53","date_gmt":"2023-10-13T13:53:53","guid":{"rendered":"https:\/\/corrientesdetarde.com\/?p=94932"},"modified":"2023-10-13T10:53:57","modified_gmt":"2023-10-13T13:53:57","slug":"se-incautaron-ocho-camiones-con-cargas-ilegales-de-maiz-y-soja","status":"publish","type":"post","link":"https:\/\/corrientesdetarde.com\/index.php\/informacion-general\/se-incautaron-ocho-camiones-con-cargas-ilegales-de-maiz-y-soja\/","title":{"rendered":"Se incautaron ocho camiones con cargas ilegales de ma\u00edz y soja"},"content":{"rendered":"\n<p>El organismo oficial determin\u00f3 que carec\u00edan de la correspondiente carta de porte que los habilitar\u00eda para este tipo de transporte de granos. Hasta el lugar se traslad\u00f3 el ministro de Seguridad, Buenaventura Duarte y el jefe de la Polic\u00eda, Comisario General Dr. Alberto Arnaldo Molina, quienes supervisaron el exitoso trabajo del personal de la Direcci\u00f3n General de Seguridad Vial.<\/p>\n\n\n\n<p>Seg\u00fan se inform\u00f3, fue el resultado de una pesquisa policial, que advirti\u00f3 de la presencia de los veh\u00edculos de carga en la playa de estacionamiento de una estaci\u00f3n de servicio, ubicada a la vera de la Ruta Nacional 12, kil\u00f3metro 940.<\/p>\n\n\n\n<p>Los efectivos intentaron en vano localizar a los conductores, en tanto que a simple vista habr\u00edan advertido que estaban cargados con sojas a granel y ma\u00edz. Frente a esa situaci\u00f3n los Polic\u00edas consultaron con la Afip para saber si contaban con la correspondiente autorizaci\u00f3n para el traslado de granos. Desde el organismo oficial solicitaron que sean secuestrados, ante la falta carta de porte y por no hallarse registrados y habilitados para tal fin.&nbsp;<\/p>\n\n\n\n<p>Personal de la fuerza provincial qued\u00f3 en custodia de las unidades en el play\u00f3n, hasta tanto se resuelva la situaci\u00f3n legal, seg\u00fan las disposiciones del organismo competente.<\/p>\n","protected":false},"excerpt":{"rendered":"<p>El organismo oficial determin\u00f3 que carec\u00edan de la correspondiente carta de porte que los habilitar\u00eda para este tipo de transporte de granos. Hasta el lugar se traslad\u00f3 el ministro de&hellip; <\/p>\n","protected":false},"author":12,"featured_media":94941,"comment_status":"closed","ping_status":"open","sticky":false,"template":"","format":"standard","meta":{"footnotes":""},"categories":[1],"tags":[],"class_list":["post-94932","post","type-post","status-publish","format-standard","has-post-thumbnail","hentry","category-informacion-general"],"_links":{"self":[{"href":"https:\/\/corrientesdetarde.com\/index.php\/wp-json\/wp\/v2\/posts\/94932","targetHints":{"allow":["GET"]}}],"collection":[{"href":"https:\/\/corrientesdetarde.com\/index.php\/wp-json\/wp\/v2\/posts"}],"about":[{"href":"https:\/\/corrientesdetarde.com\/index.php\/wp-json\/wp\/v2\/types\/post"}],"author":[{"embeddable":true,"href":"https:\/\/corrientesdetarde.com\/index.php\/wp-json\/wp\/v2\/users\/12"}],"replies":[{"embeddable":true,"href":"https:\/\/corrientesdetarde.com\/index.php\/wp-json\/wp\/v2\/comments?post=94932"}],"version-history":[{"count":1,"href":"https:\/\/corrientesdetarde.com\/index.php\/wp-json\/wp\/v2\/posts\/94932\/revisions"}],"predecessor-version":[{"id":94942,"href":"https:\/\/corrientesdetarde.com\/index.php\/wp-json\/wp\/v2\/posts\/94932\/revisions\/94942"}],"wp:featuredmedia":[{"embeddable":true,"href":"https:\/\/corrientesdetarde.com\/index.php\/wp-json\/wp\/v2\/media\/94941"}],"wp:attachment":[{"href":"https:\/\/corrientesdetarde.com\/index.php\/wp-json\/wp\/v2\/media?parent=94932"}],"wp:term":[{"taxonomy":"category","embeddable":true,"href":"https:\/\/corrientesdetarde.com\/index.php\/wp-json\/wp\/v2\/categories?post=94932"},{"taxonomy":"post_tag","embeddable":true,"href":"https:\/\/corrientesdetarde.com\/index.php\/wp-json\/wp\/v2\/tags?post=94932"}],"curies":[{"name":"wp","href":"https:\/\/api.w.org\/{rel}","templated":true}]}}