{"id":94945,"date":"2023-10-13T11:28:18","date_gmt":"2023-10-13T14:28:18","guid":{"rendered":"https:\/\/corrientesdetarde.com\/?p=94945"},"modified":"2023-10-13T11:28:29","modified_gmt":"2023-10-13T14:28:29","slug":"guerra-en-medio-oriente-en-vivo-las-ultimas-noticias-del-conflicto-entre-israel-y-hamas-minuto-a-minuto","status":"publish","type":"post","link":"https:\/\/corrientesdetarde.com\/index.php\/informacion-general\/guerra-en-medio-oriente-en-vivo-las-ultimas-noticias-del-conflicto-entre-israel-y-hamas-minuto-a-minuto\/","title":{"rendered":"Guerra en Medio Oriente, EN VIVO: las \u00faltimas noticias del conflicto entre Israel y Hamas, minuto a minuto"},"content":{"rendered":"\n<h3 class=\"wp-block-heading\">Las Claves<\/h3>\n\n\n\n<p>10:34<\/p>\n\n\n\n<p>Santiago Cafiero: &#8220;La prioridad del d\u00eda de hoy es sacar a 180 menores de Israel&#8221;<\/p>\n\n\n\n<p>10:25<\/p>\n\n\n\n<p>Israel orden\u00f3 la evacuaci\u00f3n de m\u00e1s de un mill\u00f3n de habitantes de la Franja de Gaza en 24 horas<\/p>\n\n\n\n<p>05:54<\/p>\n\n\n\n<p>Israel en guerra: un enviado de TN vivi\u00f3 un tenso momento al ser interrogado por fuerzas de seguridad<\/p>\n\n\n\n<p>M\u00e1s de 1300 personas murieron en Israel en el sangriento ataque de&nbsp;<strong>Hamas&nbsp;<\/strong>del 7 de octubre, anunci\u00f3 el ej\u00e9rcito israel\u00ed. M\u00e1s de 3.200 personas tambi\u00e9n resultaron heridas, y seg\u00fan el gobierno de Benjam\u00edn Netanyahu, m\u00e1s de 150 israel\u00edes y extranjeros est\u00e1n retenidos por el movimiento islamista palestino. En la&nbsp;<strong>Franja de Gaza<\/strong>, los masivos bombardeos israel\u00edes dejaron 1.417 muertos, entre ellos numerosos civiles y ni\u00f1os, seg\u00fan las autoridades locales. El Ej\u00e9rcito israel\u00ed afirm\u00f3, adem\u00e1s, haber hallado unos 1.500 cad\u00e1veres de combatientes de Hamas que se hab\u00edan infiltrado en el pa\u00eds.<\/p>\n\n\n\n<p>El jueves, el primer ministro israel\u00ed prometi\u00f3 destruir a Hamas, tras conversar en Tel Aviv con el secretario estadounidense de Estado, Antony Blinken. \u201cAs\u00ed como el el grupo Estado Isl\u00e1mico fue aplastado, Hams ser\u00e1 aplastado\u201d, afirm\u00f3 Netanyahu, una declaraci\u00f3n que pareci\u00f3 anticipar una ofensiva terrestre en Gaza.<\/p>\n\n\n\n<p>Por su parte, Blinken ratific\u00f3 el apoyo de EEUU a Israel aunque llam\u00f3 a considerar las \u201caspiraciones leg\u00edtimas\u201d de los palestinos y \u201clas necesidades humanitarias\u201d en Gaza.<\/p>\n\n\n\n<p>La agencia humanitaria de la ONU, OCHA, revel\u00f3 que 423.378 personas se vieron obligadas a dejar sus casas en la Franja de Gaza por el intenso bombardeo israel\u00ed.<\/p>\n\n\n\n<p>Segu\u00ed el minuto a minuto de la guerra en Medio Oriente<\/p>\n\n\n\n<hr class=\"wp-block-separator has-alpha-channel-opacity\"\/>\n\n\n\n<h2 class=\"wp-block-heading\" id=\"santiago-cafiero-la-prioridad-del-da-de-hoy-es-sacar-a-180-menores-de-israel\">Santiago Cafiero: &#8220;La prioridad del d\u00eda de hoy es sacar a 180 menores de Israel&#8221;<\/h2>\n\n\n\n<p>13 de octubre 2023, 10:34hs<\/p>\n\n\n\n<p>El canciller&nbsp;<strong>Santiago Cafiero<\/strong>&nbsp;dijo que la prioridad del operativo &#8220;Regreso Seguro&#8221; de evacuaci\u00f3n de argentinos que se encuentran en Israel para este viernes es &#8220;<strong>un contingente de 180 menores<\/strong>&nbsp;que estaban realizando un intercambio educativo&#8221; en ese pa\u00eds.<\/p>\n\n\n\n<p>&#8220;La prioridad de hoy es sacar a todos los menores.&nbsp;<strong>Tenemos 3 vuelos programados<\/strong>. Esperamos tener las condiciones necesarias en el aeropuerto para evacuarlos. Son 180 pibes m\u00e1s sus tutores. Hoy el foco va a estar puesto ah\u00ed. Ser\u00e1n tres vuelos intercalados entre el H\u00e9rcules -que est\u00e1 en la ciudad de Roma- y el Boeing&#8221; que parti\u00f3 ayer de Buenos Aires, inform\u00f3 en di\u00e1logo con la radio online&nbsp;<em>FutuR\u00f6ck e<\/em>l ministro.<br>&nbsp;<\/p>\n\n\n\n<hr class=\"wp-block-separator has-alpha-channel-opacity\"\/>\n\n\n\n<h2 class=\"wp-block-heading\" id=\"israel-orden-la-evacuacin-de-ms-de-un-milln-de-habitantes-de-la-franja-de-gaza-en-24-horas\">Israel orden\u00f3 la evacuaci\u00f3n de m\u00e1s de un mill\u00f3n de habitantes de la Franja de Gaza en 24 horas<\/h2>\n\n\n\n<p>13 de octubre 2023, 10:25hs<\/p>\n\n\n\n<p>El ej\u00e9rcito israel\u00ed orden\u00f3 la&nbsp;<strong>evacuaci\u00f3n inmediata de m\u00e1s de un mill\u00f3n de habitantes<\/strong>&nbsp;del norte de la Franja de Gaza al sur, en medio de su intenso bombardeo en represalia por los ataques de Hamas. La ONU urgi\u00f3 anular la medida y advirti\u00f3 que tendr\u00eda consecuencias &#8220;devastadoras&#8221;.<\/p>\n\n\n\n<p>En un comunicado, el ej\u00e9rcito de Israel llam\u00f3 a &#8220;la&nbsp;<strong>evacuaci\u00f3n de todos los civiles de la Ciudad de Gaza<\/strong>&nbsp;de sus casas hacia el sur por su propia seguridad y protecci\u00f3n, y moverse al \u00e1rea al sur de (la quebrada) Wadi Gaza&#8221;.<\/p>\n\n\n\n<p>&#8220;Las Naciones Unidas piden con firmeza que, de confirmarse, se anule cualquier orden de este tipo, evitando lo que podr\u00eda transformar lo que ya es una tragedia en una situaci\u00f3n calamitosa&#8221;, indic\u00f3 St\u00e9phane Dujarric, portavoz del secretario general de la ONU.&nbsp;<\/p>\n\n\n\n<p>&#8220;La ONU considera imposible que este movimiento tenga lugar sin consecuencias humanitarias devastadoras&#8221;, se\u00f1al\u00f3 el portavoz.<\/p>\n","protected":false},"excerpt":{"rendered":"<p>Las Claves 10:34 Santiago Cafiero: &#8220;La prioridad del d\u00eda de hoy es sacar a 180 menores de Israel&#8221; 10:25 Israel orden\u00f3 la evacuaci\u00f3n de m\u00e1s de un mill\u00f3n de habitantes&hellip; <\/p>\n","protected":false},"author":12,"featured_media":94949,"comment_status":"closed","ping_status":"open","sticky":false,"template":"","format":"standard","meta":{"footnotes":""},"categories":[23,1],"tags":[],"class_list":["post-94945","post","type-post","status-publish","format-standard","has-post-thumbnail","hentry","category-actualidad","category-informacion-general"],"_links":{"self":[{"href":"https:\/\/corrientesdetarde.com\/index.php\/wp-json\/wp\/v2\/posts\/94945","targetHints":{"allow":["GET"]}}],"collection":[{"href":"https:\/\/corrientesdetarde.com\/index.php\/wp-json\/wp\/v2\/posts"}],"about":[{"href":"https:\/\/corrientesdetarde.com\/index.php\/wp-json\/wp\/v2\/types\/post"}],"author":[{"embeddable":true,"href":"https:\/\/corrientesdetarde.com\/index.php\/wp-json\/wp\/v2\/users\/12"}],"replies":[{"embeddable":true,"href":"https:\/\/corrientesdetarde.com\/index.php\/wp-json\/wp\/v2\/comments?post=94945"}],"version-history":[{"count":1,"href":"https:\/\/corrientesdetarde.com\/index.php\/wp-json\/wp\/v2\/posts\/94945\/revisions"}],"predecessor-version":[{"id":94950,"href":"https:\/\/corrientesdetarde.com\/index.php\/wp-json\/wp\/v2\/posts\/94945\/revisions\/94950"}],"wp:featuredmedia":[{"embeddable":true,"href":"https:\/\/corrientesdetarde.com\/index.php\/wp-json\/wp\/v2\/media\/94949"}],"wp:attachment":[{"href":"https:\/\/corrientesdetarde.com\/index.php\/wp-json\/wp\/v2\/media?parent=94945"}],"wp:term":[{"taxonomy":"category","embeddable":true,"href":"https:\/\/corrientesdetarde.com\/index.php\/wp-json\/wp\/v2\/categories?post=94945"},{"taxonomy":"post_tag","embeddable":true,"href":"https:\/\/corrientesdetarde.com\/index.php\/wp-json\/wp\/v2\/tags?post=94945"}],"curies":[{"name":"wp","href":"https:\/\/api.w.org\/{rel}","templated":true}]}}