{"id":94947,"date":"2023-10-13T11:58:14","date_gmt":"2023-10-13T14:58:14","guid":{"rendered":"https:\/\/corrientesdetarde.com\/?p=94947"},"modified":"2023-10-13T11:58:26","modified_gmt":"2023-10-13T14:58:26","slug":"un-fiscal-imputo-a-javier-milei-y-ramiro-marra-por-la-denuncia-de-alberto-fernandez-por-intimidacion-publica","status":"publish","type":"post","link":"https:\/\/corrientesdetarde.com\/index.php\/politica\/un-fiscal-imputo-a-javier-milei-y-ramiro-marra-por-la-denuncia-de-alberto-fernandez-por-intimidacion-publica\/","title":{"rendered":"Un fiscal imput\u00f3 a Javier Milei y Ramiro Marra por la denuncia de Alberto Fern\u00e1ndez por \u201cintimidaci\u00f3n p\u00fablica\u201d"},"content":{"rendered":"\n<p>El fiscal federal\u00a0<strong>Franco Picardi<\/strong>\u00a0imput\u00f3 al candidato a presidente de La Libertad Avanza,\u00a0<strong>Javier Milei<\/strong>, y al postulante a jefe de Gobierno porte\u00f1o,\u00a0<strong>Ramiro Marra<\/strong>, tras la denuncia del presidente\u00a0<strong>Alberto Fern\u00e1ndez<\/strong>\u00a0a ra\u00edz de las declaraciones que hicieron que\u00a0<strong>habr\u00edan provocado una corrida del d\u00f3lar.<\/strong><\/p>\n\n\n\n<p>El fiscal decidi\u00f3 iniciar una investigaci\u00f3n formal y pidi\u00f3 los audios. \u201dTeniendo en cuenta lo indicado en la denuncia, resultan imputados en las presentes actuaciones los se\u00f1ores Javier Gerardo Milei (candidato a presidente), Ramiro Marra (candidato a jefe de Gobierno porte\u00f1o) y Agust\u00edn Romo (candidato a diputado de la Provincia de Buenos Aires\u201d, detall\u00f3 el fiscal en el requerimiento que present\u00f3 ante la jueza Mar\u00eda Servini.<\/p>\n\n\n\n<p>En su denuncia, el jefe de Estado pidi\u00f3 que se investigue a los dirigentes libertarios por los delitos previstos en el art\u00edculo 211 del C\u00f3digo Penal, que castiga a quien cometa acciones con el objetivo de \u201cinfundir temor p\u00fablico o suscitar tumultos o des\u00f3rdenes\u201d.<\/p>\n\n\n\n<figure class=\"wp-block-image\"><img decoding=\"async\" src=\"https:\/\/tn.com.ar\/resizer\/BeGneG8d_Ti-Q8GfarPivya_x4I=\/767x0\/smart\/filters:format(webp)\/cloudfront-us-east-1.images.arcpublishing.com\/artear\/OELFK3VFYCFGDCIWMNMY7OOVKA.jpg\" alt=\"Javier Milei tiene como una de sus banderas de campa\u00f1a la dolarizaci\u00f3n (Foto: Reuters)\n\"\/><figcaption>Javier Milei tiene como una de sus banderas de campa\u00f1a la dolarizaci\u00f3n (Foto: Reuters)Por:&nbsp;<strong>REUTERS<\/strong><\/figcaption><\/figure>\n\n\n\n<h2 class=\"wp-block-heading\">Qu\u00e9 hab\u00edan dicho Milei y Marra<\/h2>\n\n\n\n<p>Alberto Fern\u00e1ndez denunci\u00f3 a Milei despu\u00e9s que el candidato de La Libertad Avanza contestara a una pregunta sobre qu\u00e9 le recomendar\u00eda a alguien al que en estos d\u00edas le vence un plazo fijo:&nbsp;<strong>\u201cJam\u00e1s en pesos, jam\u00e1s en pesos \u2013respondi\u00f3-. El peso es la moneda que emite el pol\u00edtico argentino, por ende, no puede valer ni excremento, porque esas basuras no sirven ni para abono\u201d.<\/strong><\/p>\n\n\n\n<p>Al d\u00eda siguiente, seg\u00fan se apunt\u00f3 en la denuncia,&nbsp;<strong>Marra tuite\u00f3: \u201cHoy m\u00e1s que nunca: NO AHORRES EN PESOS. Cuid\u00e1 tu dinero, te cost\u00f3 mucho ganarlo\u201d.<\/strong><\/p>\n\n\n\n<p>Seg\u00fan Alberto Fern\u00e1ndez, \u201cel movimiento financiero inducido por la actividad premeditada y tendenciosa de estas personas, ha generado en el pa\u00eds un da\u00f1o incalculable; no ya en t\u00e9rminos econ\u00f3micos solamente, sino a nivel confianza p\u00fablica principalmente\u201d.<\/p>\n\n\n\n<p>Tras la denuncia, Milei dio una conferencia de prensa en la que fustig\u00f3 en duros t\u00e9rminos al Presidente y se\u00f1al\u00f3 que la suba del d\u00f3lar se debi\u00f3 a su mala gesti\u00f3n econ\u00f3mica y no a las declaraciones que \u00e9l o gente de su espacio realizaron.<\/p>\n","protected":false},"excerpt":{"rendered":"<p>El fiscal federal\u00a0Franco Picardi\u00a0imput\u00f3 al candidato a presidente de La Libertad Avanza,\u00a0Javier Milei, y al postulante a jefe de Gobierno porte\u00f1o,\u00a0Ramiro Marra, tras la denuncia del presidente\u00a0Alberto Fern\u00e1ndez\u00a0a ra\u00edz de&hellip; <\/p>\n","protected":false},"author":12,"featured_media":94953,"comment_status":"closed","ping_status":"open","sticky":false,"template":"","format":"standard","meta":{"footnotes":""},"categories":[3],"tags":[],"class_list":["post-94947","post","type-post","status-publish","format-standard","has-post-thumbnail","hentry","category-politica"],"_links":{"self":[{"href":"https:\/\/corrientesdetarde.com\/index.php\/wp-json\/wp\/v2\/posts\/94947","targetHints":{"allow":["GET"]}}],"collection":[{"href":"https:\/\/corrientesdetarde.com\/index.php\/wp-json\/wp\/v2\/posts"}],"about":[{"href":"https:\/\/corrientesdetarde.com\/index.php\/wp-json\/wp\/v2\/types\/post"}],"author":[{"embeddable":true,"href":"https:\/\/corrientesdetarde.com\/index.php\/wp-json\/wp\/v2\/users\/12"}],"replies":[{"embeddable":true,"href":"https:\/\/corrientesdetarde.com\/index.php\/wp-json\/wp\/v2\/comments?post=94947"}],"version-history":[{"count":1,"href":"https:\/\/corrientesdetarde.com\/index.php\/wp-json\/wp\/v2\/posts\/94947\/revisions"}],"predecessor-version":[{"id":94954,"href":"https:\/\/corrientesdetarde.com\/index.php\/wp-json\/wp\/v2\/posts\/94947\/revisions\/94954"}],"wp:featuredmedia":[{"embeddable":true,"href":"https:\/\/corrientesdetarde.com\/index.php\/wp-json\/wp\/v2\/media\/94953"}],"wp:attachment":[{"href":"https:\/\/corrientesdetarde.com\/index.php\/wp-json\/wp\/v2\/media?parent=94947"}],"wp:term":[{"taxonomy":"category","embeddable":true,"href":"https:\/\/corrientesdetarde.com\/index.php\/wp-json\/wp\/v2\/categories?post=94947"},{"taxonomy":"post_tag","embeddable":true,"href":"https:\/\/corrientesdetarde.com\/index.php\/wp-json\/wp\/v2\/tags?post=94947"}],"curies":[{"name":"wp","href":"https:\/\/api.w.org\/{rel}","templated":true}]}}