{"id":9498,"date":"2022-10-07T18:40:02","date_gmt":"2022-10-07T21:40:02","guid":{"rendered":"https:\/\/corrientesdetarde.com\/?p=9498"},"modified":"2022-10-07T18:40:06","modified_gmt":"2022-10-07T21:40:06","slug":"detuvieron-a-ayudante-fiscal-que-seria-lider-de-una-banda-narco","status":"publish","type":"post","link":"https:\/\/corrientesdetarde.com\/index.php\/crimen-y-justicia\/detuvieron-a-ayudante-fiscal-que-seria-lider-de-una-banda-narco\/","title":{"rendered":"Detuvieron a ayudante fiscal que ser\u00eda l\u00edder de una banda narco."},"content":{"rendered":"\n<p>Esta semana se realizaron allanamientos en S\u00e1enz Pe\u00f1a, Juan Jos\u00e9 Castelli y Tres Isletas, los que culminaron con el secuestro de veh\u00edculos, celulares y computadoras.\u00a0<\/p>\n\n\n\n<p>La&nbsp;jueza Zunilda Niremperger del Juzgado Federal de Resistencia, confirm\u00f3 a&nbsp;Diario Chaco&nbsp;&nbsp;que&nbsp;orden\u00f3 la detenci\u00f3n de un polic\u00eda y de una ayudante fiscal en el marco de la causa por supuesta asociaci\u00f3n il\u00edcita e infracci\u00f3n a la Ley de Estupefacientes.&nbsp;<\/p>\n\n\n\n<p>Entre la noche de ayer y esta ma\u00f1ana se realizaron allanamientos en&nbsp;S\u00e1enz Pe\u00f1a, Juan Jos\u00e9 Castelli y Tres Isletas, los que culminaron con el secuestro de veh\u00edculos, celulares y computadoras. En primer momento no hubo detenidos, pero con el correr de las horas la jueza confirm\u00f3 la emisi\u00f3n de la orden de detenci\u00f3n.<\/p>\n\n\n\n<p><strong>El ayudante fiscal, que ya estar\u00eda detenido, es&nbsp;Ariel Pe\u00f1a&nbsp;y&nbsp;pertenece al fuero de Narcomenudeo&nbsp;dependiente de la fiscal de Resistencia,&nbsp;Mar\u00eda Eugenia Arechavala.&nbsp;<\/strong><\/p>\n\n\n\n<figure class=\"wp-block-image size-full\"><img loading=\"lazy\" decoding=\"async\" width=\"700\" height=\"429\" src=\"https:\/\/corrientesdetarde.com\/wp-content\/uploads\/2022\/10\/415663-1.jpg_nota-1.jpg\" alt=\"\" class=\"wp-image-9502\" srcset=\"https:\/\/corrientesdetarde.com\/wp-content\/uploads\/2022\/10\/415663-1.jpg_nota-1.jpg 700w, https:\/\/corrientesdetarde.com\/wp-content\/uploads\/2022\/10\/415663-1.jpg_nota-1-300x184.jpg 300w\" sizes=\"auto, (max-width: 700px) 100vw, 700px\" \/><\/figure>\n\n\n\n<p>La foto que ahora se difunde pertenecer\u00eda a los allanamientos que se realizaron ayer y donde la fiscal Arechavala valoraba el trabajo de su equipo, por lo que el mismo&nbsp;Pe\u00f1a habr\u00eda sido parte de la invetigaci\u00f3n por la que ahora se encuentra detenido.&nbsp;<\/p>\n\n\n\n<p>En declaraciones p\u00fablicas,&nbsp;Niremperger&nbsp;explic\u00f3 que se trata de un grupo de personas que son lideradas por este ayudante fiscal de la provincia y agentes de diversas fuerzas policiales. &#8220;Estar\u00edan involucradas en la comisi\u00f3n de delitos como, por ejemplo,&nbsp;participar en procedimientos donde se secuestraba sustancia de estupefacientes y solo se hac\u00eda figurar formalmente parte de las sustancias, y la otra parte se quedar\u00edan los agentes y funcionarios para luego comercializarlas por nombre propio, entre otras maniobras denunciadas&#8221;, detall\u00f3 a Alerta Urbana.&nbsp;<\/p>\n\n\n\n<p><strong>A\u00f1adi\u00f3 que los elementos secuestrados incluyeron, adem\u00e1s de computadoras y celulares, armas sin numeraci\u00f3n y estupefacientes guardados de forma irregular.<\/strong><\/p>\n\n\n\n<p>Por otro lado, si bien dijo que tendr\u00edan relaci\u00f3n con los polic\u00edas federales investigados por hechos de &#8220;supuesto robo agravado de fuerzas de seguridad, privaci\u00f3n ilegal libertad agravada y allanamiento ilegal&#8221; en S\u00e1enz Pe\u00f1a, decidi\u00f3 no brindar detalles ya que es una causa llevada por la Fiscal\u00eda Federal.&nbsp;<\/p>\n\n\n\n<p>Diario Chaco<\/p>\n","protected":false},"excerpt":{"rendered":"<p>Esta semana se realizaron allanamientos en S\u00e1enz Pe\u00f1a, Juan Jos\u00e9 Castelli y Tres Isletas, los que culminaron con el secuestro de veh\u00edculos, celulares y computadoras.\u00a0 La&nbsp;jueza Zunilda Niremperger del Juzgado&hellip; <\/p>\n","protected":false},"author":6,"featured_media":9501,"comment_status":"closed","ping_status":"open","sticky":false,"template":"","format":"standard","meta":{"footnotes":""},"categories":[5],"tags":[],"class_list":["post-9498","post","type-post","status-publish","format-standard","has-post-thumbnail","hentry","category-crimen-y-justicia"],"_links":{"self":[{"href":"https:\/\/corrientesdetarde.com\/index.php\/wp-json\/wp\/v2\/posts\/9498","targetHints":{"allow":["GET"]}}],"collection":[{"href":"https:\/\/corrientesdetarde.com\/index.php\/wp-json\/wp\/v2\/posts"}],"about":[{"href":"https:\/\/corrientesdetarde.com\/index.php\/wp-json\/wp\/v2\/types\/post"}],"author":[{"embeddable":true,"href":"https:\/\/corrientesdetarde.com\/index.php\/wp-json\/wp\/v2\/users\/6"}],"replies":[{"embeddable":true,"href":"https:\/\/corrientesdetarde.com\/index.php\/wp-json\/wp\/v2\/comments?post=9498"}],"version-history":[{"count":1,"href":"https:\/\/corrientesdetarde.com\/index.php\/wp-json\/wp\/v2\/posts\/9498\/revisions"}],"predecessor-version":[{"id":9503,"href":"https:\/\/corrientesdetarde.com\/index.php\/wp-json\/wp\/v2\/posts\/9498\/revisions\/9503"}],"wp:featuredmedia":[{"embeddable":true,"href":"https:\/\/corrientesdetarde.com\/index.php\/wp-json\/wp\/v2\/media\/9501"}],"wp:attachment":[{"href":"https:\/\/corrientesdetarde.com\/index.php\/wp-json\/wp\/v2\/media?parent=9498"}],"wp:term":[{"taxonomy":"category","embeddable":true,"href":"https:\/\/corrientesdetarde.com\/index.php\/wp-json\/wp\/v2\/categories?post=9498"},{"taxonomy":"post_tag","embeddable":true,"href":"https:\/\/corrientesdetarde.com\/index.php\/wp-json\/wp\/v2\/tags?post=9498"}],"curies":[{"name":"wp","href":"https:\/\/api.w.org\/{rel}","templated":true}]}}