{"id":95056,"date":"2023-10-13T20:40:39","date_gmt":"2023-10-13T23:40:39","guid":{"rendered":"https:\/\/corrientesdetarde.com\/?p=95056"},"modified":"2023-10-13T20:41:16","modified_gmt":"2023-10-13T23:41:16","slug":"paga-tu-salud-parasito-siguen-apareciendo-carteles-de-milei","status":"publish","type":"post","link":"https:\/\/corrientesdetarde.com\/index.php\/politica\/paga-tu-salud-parasito-siguen-apareciendo-carteles-de-milei\/","title":{"rendered":"&#8220;Pag\u00e1 tu salud, par\u00e1sito&#8221;: siguen apareciendo carteles pol\u00e9micos."},"content":{"rendered":"\n<h2 class=\"wp-block-heading\">Tras el esc\u00e1ndalo ocasionado por los pasacalles que se colocaron en distintos campus de la UNNE, un nuevo mensaje apareci\u00f3 en la cuadra de la Facultad de Medicina. Si bien no fueron reivindicados por los partidarios de Milei, el arancelamiento de la salud es una de las propuestas del candidato.<\/h2>\n\n\n\n<p>&#8220;Paga tu salud, par\u00e1$ito. Milei presidente&#8221;. Ese es el mensaje que indica un nuevo pasacalles que fue colocado en la cuadra de la Facultad de Medicina de la Universidad Nacional del Nordeste, la cual se ubica a pocos metros del Hospital Escuela. Tambi\u00e9n aparecieron los mismos pasacalles en la esquina del Hospital Llano, otra de las grandes instituciones de salud de la provincia.<\/p>\n\n\n\n<p>En la madrugada de este viernes, seguidores del candidato de La Libertad Avanza habr\u00edan colocado este pasacalles, haciendo referencia a los recortes al Estado que Javier Milei desea hacer si llega a la presidencia.<\/p>\n\n\n\n<p>D\u00edas atr\u00e1s, otros pasacalles con est\u00e9tica similar fueron colocados en distintos campus de la UNNE, con el mensaje &#8220;Paga tu educaci\u00f3n, par\u00e1$ito&#8221;. Sobre esto, Ezequiel Romero, ex presidente del Partido Libertario de Corrientes, deslig\u00f3 a los seguidores de Javier Milei de la colocaci\u00f3n de esos pasacalles.<\/p>\n\n\n\n<p>Si bien no son carteles que fueran colocados abiertamente por los partidarios de Milei, el arancelamiento de las prestaciones de salud es una de las propuestas de La Libertad Avanza. Figura en la plataforma de la fuerza.<\/p>\n\n\n\n<p>Posiblemente sean instalados por opositores a Milei que advierten sobre los posibles efectos que tendr\u00edan las pol\u00edticas libertarias.<\/p>\n","protected":false},"excerpt":{"rendered":"<p>Tras el esc\u00e1ndalo ocasionado por los pasacalles que se colocaron en distintos campus de la UNNE, un nuevo mensaje apareci\u00f3 en la cuadra de la Facultad de Medicina. Si bien&hellip; <\/p>\n","protected":false},"author":6,"featured_media":95063,"comment_status":"closed","ping_status":"open","sticky":false,"template":"","format":"standard","meta":{"footnotes":""},"categories":[3],"tags":[],"class_list":["post-95056","post","type-post","status-publish","format-standard","has-post-thumbnail","hentry","category-politica"],"_links":{"self":[{"href":"https:\/\/corrientesdetarde.com\/index.php\/wp-json\/wp\/v2\/posts\/95056","targetHints":{"allow":["GET"]}}],"collection":[{"href":"https:\/\/corrientesdetarde.com\/index.php\/wp-json\/wp\/v2\/posts"}],"about":[{"href":"https:\/\/corrientesdetarde.com\/index.php\/wp-json\/wp\/v2\/types\/post"}],"author":[{"embeddable":true,"href":"https:\/\/corrientesdetarde.com\/index.php\/wp-json\/wp\/v2\/users\/6"}],"replies":[{"embeddable":true,"href":"https:\/\/corrientesdetarde.com\/index.php\/wp-json\/wp\/v2\/comments?post=95056"}],"version-history":[{"count":2,"href":"https:\/\/corrientesdetarde.com\/index.php\/wp-json\/wp\/v2\/posts\/95056\/revisions"}],"predecessor-version":[{"id":95065,"href":"https:\/\/corrientesdetarde.com\/index.php\/wp-json\/wp\/v2\/posts\/95056\/revisions\/95065"}],"wp:featuredmedia":[{"embeddable":true,"href":"https:\/\/corrientesdetarde.com\/index.php\/wp-json\/wp\/v2\/media\/95063"}],"wp:attachment":[{"href":"https:\/\/corrientesdetarde.com\/index.php\/wp-json\/wp\/v2\/media?parent=95056"}],"wp:term":[{"taxonomy":"category","embeddable":true,"href":"https:\/\/corrientesdetarde.com\/index.php\/wp-json\/wp\/v2\/categories?post=95056"},{"taxonomy":"post_tag","embeddable":true,"href":"https:\/\/corrientesdetarde.com\/index.php\/wp-json\/wp\/v2\/tags?post=95056"}],"curies":[{"name":"wp","href":"https:\/\/api.w.org\/{rel}","templated":true}]}}