{"id":95078,"date":"2023-10-13T21:29:49","date_gmt":"2023-10-14T00:29:49","guid":{"rendered":"https:\/\/corrientesdetarde.com\/?p=95078"},"modified":"2023-10-13T21:30:01","modified_gmt":"2023-10-14T00:30:01","slug":"malvivientes-robaban-materiales-en-casas-que-construye-la-municipalidad","status":"publish","type":"post","link":"https:\/\/corrientesdetarde.com\/index.php\/policiales\/malvivientes-robaban-materiales-en-casas-que-construye-la-municipalidad\/","title":{"rendered":"Malvivientes robaban materiales en casas que construye la Municipalidad."},"content":{"rendered":"\n<h2 class=\"wp-block-heading\">Dos sujetos fueron denunciados por vecinos cuando estaban intentando robarse distintos materiales de casas en construcci\u00f3n en una zona del barrio Dr. Monta\u00f1a. Uno de ellos, hab\u00eda recuperado la libertad un tiempo antes. \u00c9ste delincuente, ya demorado en sede policial, se autolesion\u00f3 la cabeza contra una pared.<\/h2>\n\n\n\n<p>Vecinos del barrio Dr Monta\u00f1a denunciaron que varias personas del sexo masculino se encontraban en el interior de las viviendas en construcci\u00f3n pertenecientes a la Municipalidad de la Ciudad de Corrientes ubicadas por calle Alcorta entre Jos\u00e9 Cont\u00e9 y Tob\u00edas Garz\u00f3n.<\/p>\n\n\n\n<p>Avisaron que los v\u00e1ndalos se encontraban rompiendo el hormig\u00f3n y sacando los perfiles colocados en la altura.<\/p>\n\n\n\n<p>Con la descripci\u00f3n de los delincuentes, los polic\u00edas se dirigieron hacia la zona de un asentamiento cercano y con los datos recabados lograron divisar a estas personas.<\/p>\n\n\n\n<p>Tras una persecusi\u00f3n por la zona ambos fueron detenidos.<\/p>\n\n\n\n<figure class=\"wp-block-image\"><img decoding=\"async\" src=\"https:\/\/www.diarioepoca.com\/content\/bucket\/1\/1325721w762h1013c.jpg.webp\" alt=\"\"\/><\/figure>\n\n\n\n<p>Uno de ellos fue identificado con el alias &#8220;Zapatita&#8221;, de 26 a\u00f1os de edad, con domicilio en B\u00b0 La Olla<\/p>\n\n\n\n<p>Este sujeto, una vez alojado en la celda de la Dependencia Policial,&nbsp; comenz\u00f3 a golpear su cabeza contra la pared, provoc\u00e1ndose un corte en la frente del lado derecho, autolesion\u00e1ndose<\/p>\n\n\n\n<p>Otro dato no menor es que el aprehendido tiene un expediente por el Tribunal Oral Penal&nbsp; por un supuesto homicidio en grado de tentativa, por lo cual estuvo tres a\u00f1os en la Unidad Penal de Procesados y Encausados N\u00b0VI, y hace tres meses a la fecha, recuper\u00f3 su libertad.<\/p>\n","protected":false},"excerpt":{"rendered":"<p>Dos sujetos fueron denunciados por vecinos cuando estaban intentando robarse distintos materiales de casas en construcci\u00f3n en una zona del barrio Dr. Monta\u00f1a. Uno de ellos, hab\u00eda recuperado la libertad&hellip; <\/p>\n","protected":false},"author":6,"featured_media":95088,"comment_status":"closed","ping_status":"open","sticky":false,"template":"","format":"standard","meta":{"footnotes":""},"categories":[33],"tags":[],"class_list":["post-95078","post","type-post","status-publish","format-standard","has-post-thumbnail","hentry","category-policiales"],"_links":{"self":[{"href":"https:\/\/corrientesdetarde.com\/index.php\/wp-json\/wp\/v2\/posts\/95078","targetHints":{"allow":["GET"]}}],"collection":[{"href":"https:\/\/corrientesdetarde.com\/index.php\/wp-json\/wp\/v2\/posts"}],"about":[{"href":"https:\/\/corrientesdetarde.com\/index.php\/wp-json\/wp\/v2\/types\/post"}],"author":[{"embeddable":true,"href":"https:\/\/corrientesdetarde.com\/index.php\/wp-json\/wp\/v2\/users\/6"}],"replies":[{"embeddable":true,"href":"https:\/\/corrientesdetarde.com\/index.php\/wp-json\/wp\/v2\/comments?post=95078"}],"version-history":[{"count":1,"href":"https:\/\/corrientesdetarde.com\/index.php\/wp-json\/wp\/v2\/posts\/95078\/revisions"}],"predecessor-version":[{"id":95089,"href":"https:\/\/corrientesdetarde.com\/index.php\/wp-json\/wp\/v2\/posts\/95078\/revisions\/95089"}],"wp:featuredmedia":[{"embeddable":true,"href":"https:\/\/corrientesdetarde.com\/index.php\/wp-json\/wp\/v2\/media\/95088"}],"wp:attachment":[{"href":"https:\/\/corrientesdetarde.com\/index.php\/wp-json\/wp\/v2\/media?parent=95078"}],"wp:term":[{"taxonomy":"category","embeddable":true,"href":"https:\/\/corrientesdetarde.com\/index.php\/wp-json\/wp\/v2\/categories?post=95078"},{"taxonomy":"post_tag","embeddable":true,"href":"https:\/\/corrientesdetarde.com\/index.php\/wp-json\/wp\/v2\/tags?post=95078"}],"curies":[{"name":"wp","href":"https:\/\/api.w.org\/{rel}","templated":true}]}}