{"id":95079,"date":"2023-10-13T21:27:44","date_gmt":"2023-10-14T00:27:44","guid":{"rendered":"https:\/\/corrientesdetarde.com\/?p=95079"},"modified":"2023-10-13T21:27:47","modified_gmt":"2023-10-14T00:27:47","slug":"patricia-bullrich-anticipo-que-hara-un-mega-anuncio-este-sabado","status":"publish","type":"post","link":"https:\/\/corrientesdetarde.com\/index.php\/politica\/patricia-bullrich-anticipo-que-hara-un-mega-anuncio-este-sabado\/","title":{"rendered":"Patricia Bullrich anticip\u00f3 que har\u00e1 un &#8220;mega anuncio&#8221; este s\u00e1bado."},"content":{"rendered":"\n<h2 class=\"wp-block-heading\">Mientras la candidata sigue de campa\u00f1a por la Provincia de Buenos Aires, convoc\u00f3 a una rueda de prensa en el Jard\u00edn Bot\u00e1nico de la Ciudad de Buenos Aires.<\/h2>\n\n\n\n<p><strong>Patricia Bullrich<\/strong>, candidata a presidenta por\u00a0<strong>Juntos por el Cambio<\/strong>, anticip\u00f3 un\u00a0<strong>&#8220;mega anuncio&#8221; a realizar este s\u00e1bado<\/strong>\u00a0por la ma\u00f1ana. La exministra de Seguridad d<strong>e Mauricio Macr<\/strong>i se encuentra este viernes\u00a0en\u00a0<strong>campa\u00f1a<\/strong>\u00a0por la\u00a0<strong>Provincia de Buenos Aires.<\/strong><\/p>\n\n\n\n<p>La candidata realiz\u00f3 una convocatoria a una rueda de prensa para<strong>\u00a0este s\u00e1bado a las 9:45<\/strong>. El &#8220;mega anuncio&#8221;, como calific\u00f3 la convocatoria, se dar\u00e1 en el\u00a0<strong>Jard\u00edn Bot\u00e1nico\u00a0<\/strong>de la\u00a0<strong>Ciudad de Buenos Aires.<\/strong><\/p>\n\n\n\n<h2 class=\"wp-block-heading\">Mauricio Macri se sum\u00f3 a la campa\u00f1a de Patricia Bullrich y anticip\u00f3 un balotaje con Javier Milei<\/h2>\n\n\n\n<p>El ex presidente\u00a0<strong>Mauricio Macri recorri\u00f3 la localidad bonaerense de Jun\u00edn junto a la candidata presidencial de Juntos por el Cambio,\u00a0Patricia Bullrich.<\/strong>\u00a0&#8220;Ayer estaba en Misiones, acompa\u00f1ando a nuestros candidatos ah\u00ed, llev\u00e1ndoles esta convicci\u00f3n de que el cambio que todos so\u00f1amos<strong>\u00a0solamente lo puede liderar Patricia<\/strong>\u00a0con un volumen pol\u00edtico atr\u00e1s que no tuvimos en 2015\u2033, se\u00f1al\u00f3 Macri en declaraciones televisivas.<\/p>\n\n\n\n<p>A su vez, el ex presidente subray\u00f3:&nbsp;<strong>&#8220;No se puede hacer un cambio s\u00f3lo, el cambio requiere de una experiencia, de un liderazgo como el que tiene Patricia&#8221;<\/strong>. En tanto, Macri se mostr\u00f3 optimista respecto de las posibilidades de la candidata de JxC de alcanzar el balotaje: &#8220;En la segunda vuelta queremos dar el debate acerca del cambio que quiere la Argentina.&nbsp;<strong>Lo daremos seguramente con Milei&#8221;<\/strong>, asegur\u00f3.<\/p>\n\n\n\n<p>Por su parte, Bullrich puso en valor las \u00faltimas victorias de Juntos por el Cambio.\u00a0<strong>&#8220;El cambio profundo que nosotros queremos hacer, no se sostiene solo&#8221;<\/strong>, enfatiz\u00f3. &#8220;Nosotros tenemos la fuerza pol\u00edtica que logr\u00f3 que &#8216;el cambio&#8217; tenga hoy m\u00e1s gobernadores que el continuismo (por Uni\u00f3n por la Patria) en 40 a\u00f1os de democracia. Tenemos<strong>\u00a010 gobernadores, 500 intendente<\/strong>s, mayor\u00edas en el congreso&#8221;, explic\u00f3.<\/p>\n\n\n\n<p><\/p>\n\n\n\n<p><em>Fuente: \u00c1mbito.<\/em><\/p>\n","protected":false},"excerpt":{"rendered":"<p>Mientras la candidata sigue de campa\u00f1a por la Provincia de Buenos Aires, convoc\u00f3 a una rueda de prensa en el Jard\u00edn Bot\u00e1nico de la Ciudad de Buenos Aires. Patricia Bullrich,&hellip; <\/p>\n","protected":false},"author":6,"featured_media":95086,"comment_status":"closed","ping_status":"open","sticky":false,"template":"","format":"standard","meta":{"footnotes":""},"categories":[3],"tags":[],"class_list":["post-95079","post","type-post","status-publish","format-standard","has-post-thumbnail","hentry","category-politica"],"_links":{"self":[{"href":"https:\/\/corrientesdetarde.com\/index.php\/wp-json\/wp\/v2\/posts\/95079","targetHints":{"allow":["GET"]}}],"collection":[{"href":"https:\/\/corrientesdetarde.com\/index.php\/wp-json\/wp\/v2\/posts"}],"about":[{"href":"https:\/\/corrientesdetarde.com\/index.php\/wp-json\/wp\/v2\/types\/post"}],"author":[{"embeddable":true,"href":"https:\/\/corrientesdetarde.com\/index.php\/wp-json\/wp\/v2\/users\/6"}],"replies":[{"embeddable":true,"href":"https:\/\/corrientesdetarde.com\/index.php\/wp-json\/wp\/v2\/comments?post=95079"}],"version-history":[{"count":1,"href":"https:\/\/corrientesdetarde.com\/index.php\/wp-json\/wp\/v2\/posts\/95079\/revisions"}],"predecessor-version":[{"id":95087,"href":"https:\/\/corrientesdetarde.com\/index.php\/wp-json\/wp\/v2\/posts\/95079\/revisions\/95087"}],"wp:featuredmedia":[{"embeddable":true,"href":"https:\/\/corrientesdetarde.com\/index.php\/wp-json\/wp\/v2\/media\/95086"}],"wp:attachment":[{"href":"https:\/\/corrientesdetarde.com\/index.php\/wp-json\/wp\/v2\/media?parent=95079"}],"wp:term":[{"taxonomy":"category","embeddable":true,"href":"https:\/\/corrientesdetarde.com\/index.php\/wp-json\/wp\/v2\/categories?post=95079"},{"taxonomy":"post_tag","embeddable":true,"href":"https:\/\/corrientesdetarde.com\/index.php\/wp-json\/wp\/v2\/tags?post=95079"}],"curies":[{"name":"wp","href":"https:\/\/api.w.org\/{rel}","templated":true}]}}