{"id":95080,"date":"2023-10-13T21:24:13","date_gmt":"2023-10-14T00:24:13","guid":{"rendered":"https:\/\/corrientesdetarde.com\/?p=95080"},"modified":"2023-10-13T21:24:18","modified_gmt":"2023-10-14T00:24:18","slug":"valdes-apoyo-a-rogelio-frigerio","status":"publish","type":"post","link":"https:\/\/corrientesdetarde.com\/index.php\/politica\/valdes-apoyo-a-rogelio-frigerio\/","title":{"rendered":"Vald\u00e9s apoy\u00f3 a Rogelio Frigerio."},"content":{"rendered":"\n<h2 class=\"wp-block-heading\">El gobernador de la provincia de Corrientes, Gustavo Vald\u00e9s, expres\u00f3 su\u00a0apoyo a Rogelio Frigerio, quien se postula como candidato a gobernador de la provincia de Entre R\u00edos en las pr\u00f3ximas elecciones que se llevar\u00e1n a cabo este 22 de octubre.<\/h2>\n\n\n\n<p>El primer mandatario de la Provincia public\u00f3 este viernes un tuit a trav\u00e9s de sus cuentas oficiales donde mostr\u00f3 el respaldo a la candidatura de Frigerio, lo cual marca un momento importante en el contexto pol\u00edtico de la regi\u00f3n y refuerza la alianza de Juntos por el Cambio en su b\u00fasqueda por ampliar su influencia en el escenario pol\u00edtico nacional. Vald\u00e9s brind\u00f3 su apoyo p\u00fablico a Frigerio,&nbsp;<strong>destacando la confianza en su capacidad de liderazgo y su compromiso con el desarrollo de Entre R\u00edos.<\/strong><\/p>\n\n\n\n<figure class=\"wp-block-image\"><a href=\"https:\/\/www.radiosudamericana.com\/notix\/multimedia\/imagenes\/fotos\/2023-10-13\/853315.png\"><img decoding=\"async\" src=\"https:\/\/www.radiosudamericana.com\/notix\/multimedia\/imagenes\/fotos\/2023-10-13\/853315.png_nota.png\" alt=\"\"\/><\/a><\/figure>\n\n\n\n<figure class=\"wp-block-image\"><a href=\"https:\/\/www.radiosudamericana.com\/notix\/multimedia\/imagenes\/fotos\/2023-10-13\/724767.jpg\"><img decoding=\"async\" src=\"https:\/\/www.radiosudamericana.com\/notix\/multimedia\/imagenes\/fotos\/2023-10-13\/724767.jpg_nota.jpg\" alt=\"\"\/><\/a><\/figure>\n","protected":false},"excerpt":{"rendered":"<p>El gobernador de la provincia de Corrientes, Gustavo Vald\u00e9s, expres\u00f3 su\u00a0apoyo a Rogelio Frigerio, quien se postula como candidato a gobernador de la provincia de Entre R\u00edos en las pr\u00f3ximas&hellip; <\/p>\n","protected":false},"author":6,"featured_media":95084,"comment_status":"closed","ping_status":"open","sticky":false,"template":"","format":"standard","meta":{"footnotes":""},"categories":[3],"tags":[],"class_list":["post-95080","post","type-post","status-publish","format-standard","has-post-thumbnail","hentry","category-politica"],"_links":{"self":[{"href":"https:\/\/corrientesdetarde.com\/index.php\/wp-json\/wp\/v2\/posts\/95080","targetHints":{"allow":["GET"]}}],"collection":[{"href":"https:\/\/corrientesdetarde.com\/index.php\/wp-json\/wp\/v2\/posts"}],"about":[{"href":"https:\/\/corrientesdetarde.com\/index.php\/wp-json\/wp\/v2\/types\/post"}],"author":[{"embeddable":true,"href":"https:\/\/corrientesdetarde.com\/index.php\/wp-json\/wp\/v2\/users\/6"}],"replies":[{"embeddable":true,"href":"https:\/\/corrientesdetarde.com\/index.php\/wp-json\/wp\/v2\/comments?post=95080"}],"version-history":[{"count":1,"href":"https:\/\/corrientesdetarde.com\/index.php\/wp-json\/wp\/v2\/posts\/95080\/revisions"}],"predecessor-version":[{"id":95085,"href":"https:\/\/corrientesdetarde.com\/index.php\/wp-json\/wp\/v2\/posts\/95080\/revisions\/95085"}],"wp:featuredmedia":[{"embeddable":true,"href":"https:\/\/corrientesdetarde.com\/index.php\/wp-json\/wp\/v2\/media\/95084"}],"wp:attachment":[{"href":"https:\/\/corrientesdetarde.com\/index.php\/wp-json\/wp\/v2\/media?parent=95080"}],"wp:term":[{"taxonomy":"category","embeddable":true,"href":"https:\/\/corrientesdetarde.com\/index.php\/wp-json\/wp\/v2\/categories?post=95080"},{"taxonomy":"post_tag","embeddable":true,"href":"https:\/\/corrientesdetarde.com\/index.php\/wp-json\/wp\/v2\/tags?post=95080"}],"curies":[{"name":"wp","href":"https:\/\/api.w.org\/{rel}","templated":true}]}}