{"id":95116,"date":"2023-10-14T08:19:59","date_gmt":"2023-10-14T11:19:59","guid":{"rendered":"https:\/\/corrientesdetarde.com\/?p=95116"},"modified":"2023-10-14T08:20:00","modified_gmt":"2023-10-14T11:20:00","slug":"dia-de-la-madre-algunos-comercios-del-centro-hoy-trabajan-de-corrido","status":"publish","type":"post","link":"https:\/\/corrientesdetarde.com\/index.php\/informacion-general\/dia-de-la-madre-algunos-comercios-del-centro-hoy-trabajan-de-corrido\/","title":{"rendered":"D\u00eda de la Madre: algunos comercios del centro hoy trabajan de corrido"},"content":{"rendered":"\n<p>As\u00ed lo reflejaron los empleados de varios locales ante la consulta de \u00e9poca. Ayer tanto en el turno ma\u00f1ana como en el horario vespertino hubo buen movimiento de gente pese al comienzo del fin de semana extra largo. El pr\u00f3ximo lunes, la mayor\u00eda cerrar\u00e1 sus puertas.<\/p>\n\n\n\n<p>Sin dudas que en el sector comercial el D\u00eda de la Madre es una de las fechas especiales en el calendario. Pese al feriado puente de ayer, mucha gente se acerc\u00f3 al centro capitalino para comprar el obsequio. Hoy muchos locales capitalinos trabajar\u00e1n de corrido para aprovechar las distintas ofertas.<\/p>\n\n\n\n<p>El pa\u00eds transita el \u00faltimo fin de semana extra largo (XXL). En la v\u00edspera se concret\u00f3 el primer d\u00eda de descanso para muchos trabajadores.<\/p>\n\n\n\n<p>Algunos aprovecharon la ma\u00f1ana y la tarde soleada para acercarse a los negocios del centro capitalino que abrieron en gran porcentaje.<\/p>\n\n\n\n<figure class=\"wp-block-image\"><img decoding=\"async\" src=\"https:\/\/www.diarioepoca.com\/content\/bucket\/3\/1325753w380h133c.jpg.webp\" alt=\"\"\/><\/figure>\n\n\n\n<p>Muy pocos dieron aviso con carteles la modalidad de atenci\u00f3n este fin de semana XXL.<\/p>\n\n\n\n<p>De acuerdo al sondeo realizado por \u00e9poca, la mayor\u00eda decidi\u00f3 trabajar el viernes y descansar el pr\u00f3ximo lunes.<\/p>\n\n\n\n<p>Pero todo tiene su explicaci\u00f3n. La primera es que se transitan las horas previas del D\u00eda de Madre. Esta fecha en el calendario mercantil es importante.<\/p>\n\n\n\n<figure class=\"wp-block-image\"><img decoding=\"async\" src=\"https:\/\/www.diarioepoca.com\/content\/bucket\/0\/1325750w380h396c.jpg.webp\" alt=\"\"\/><figcaption>LA GENTE SALI\u00d3 DE COMPRAS POR EL D\u00cdA DE LA MADRE.<\/figcaption><\/figure>\n\n\n\n<p>Por tal motivo, los propietarios de los comercios acuerdan con sus empleados para lograr las mayores ventas.<\/p>\n\n\n\n<p>Por ejemplo, para hoy muchos locales trabajar\u00e1n en horario corrido para tratar de captar a los consumidores que deseen comprar el regalo para mam\u00e1.<\/p>\n\n\n\n<p>Un buen porcentaje de las vidrieras de la calle Jun\u00edn se encuentran aggiornadas con carteles dedicados a las madres.<\/p>\n\n\n\n<figure class=\"wp-block-image\"><img decoding=\"async\" src=\"https:\/\/www.diarioepoca.com\/content\/bucket\/1\/1325751w380h396c.jpg.webp\" alt=\"\"\/><figcaption>PRENDAS DE VESTIR UNA DE LAS OPCIONES DE REGALOS.<\/figcaption><\/figure>\n\n\n\n<p>Pese a la semana movida en materia econ\u00f3mica en el pa\u00eds, ayer tanto en horario matutino como en el vespertino hubo un buen movimiento de gente en la peatonal Jun\u00edn como as\u00ed tambi\u00e9n en las calles transversales.<\/p>\n\n\n\n<p>Las casas de regaler\u00edas, pilcher\u00edas, electrodom\u00e9sticos, entre otros, contaron con un buen n\u00famero de clientes que buscaban el regalo para mam\u00e1 pese a que el d\u00f3lar blue ronda los $1.000.<\/p>\n\n\n\n<figure class=\"wp-block-image\"><img decoding=\"async\" src=\"https:\/\/www.diarioepoca.com\/content\/bucket\/4\/1325754w380h133c.jpg.webp\" alt=\"\"\/><\/figure>\n\n\n\n<p>En las casas de electrodom\u00e9sticos los productos de mayor venta son las licuadoras, hornos y pavas el\u00e9ctricas.<\/p>\n\n\n\n<p>Los precios parten desde los 16 mil pesos en el caso de las pavas el\u00e9ctricas. El promedio de venta es de productos que valen entre 20 mil y 30 mil pesos.<\/p>\n\n\n\n<p>Los locales que comercializan ropas, calzados y regaler\u00edas tuvieron un repunte de ventas en los \u00faltimos d\u00edas.<\/p>\n\n\n\n<figure class=\"wp-block-image\"><img decoding=\"async\" src=\"https:\/\/www.diarioepoca.com\/content\/bucket\/9\/1325749w380h396c.jpg.webp\" alt=\"\"\/><figcaption>MUY POCOS COMERCIOS DIERON AVISO DE SU APERTURA.<\/figcaption><\/figure>\n\n\n\n<p>&#8220;Por suerte estamos con buenas ventas y por esta raz\u00f3n ma\u00f1ana \u0096por hoy- vamos a trabajar en horario corrido&#8221;, dijo Karina empleada de una casa de ropas de la calle Jun\u00edn de esta Capital.<\/p>\n\n\n\n<p>Los comercios que decidan no trabajar de corrido, tendr\u00e1n un s\u00e1bado movido pero el lunes la mayor\u00eda de los negocios del centro capitalino tendr\u00e1n sus puertas cerradas en el \u00faltimo fin de semana XXL del a\u00f1o.<\/p>\n","protected":false},"excerpt":{"rendered":"<p>As\u00ed lo reflejaron los empleados de varios locales ante la consulta de \u00e9poca. Ayer tanto en el turno ma\u00f1ana como en el horario vespertino hubo buen movimiento de gente pese&hellip; <\/p>\n","protected":false},"author":3,"featured_media":95117,"comment_status":"closed","ping_status":"open","sticky":false,"template":"","format":"standard","meta":{"footnotes":""},"categories":[1],"tags":[],"class_list":["post-95116","post","type-post","status-publish","format-standard","has-post-thumbnail","hentry","category-informacion-general"],"_links":{"self":[{"href":"https:\/\/corrientesdetarde.com\/index.php\/wp-json\/wp\/v2\/posts\/95116","targetHints":{"allow":["GET"]}}],"collection":[{"href":"https:\/\/corrientesdetarde.com\/index.php\/wp-json\/wp\/v2\/posts"}],"about":[{"href":"https:\/\/corrientesdetarde.com\/index.php\/wp-json\/wp\/v2\/types\/post"}],"author":[{"embeddable":true,"href":"https:\/\/corrientesdetarde.com\/index.php\/wp-json\/wp\/v2\/users\/3"}],"replies":[{"embeddable":true,"href":"https:\/\/corrientesdetarde.com\/index.php\/wp-json\/wp\/v2\/comments?post=95116"}],"version-history":[{"count":1,"href":"https:\/\/corrientesdetarde.com\/index.php\/wp-json\/wp\/v2\/posts\/95116\/revisions"}],"predecessor-version":[{"id":95118,"href":"https:\/\/corrientesdetarde.com\/index.php\/wp-json\/wp\/v2\/posts\/95116\/revisions\/95118"}],"wp:featuredmedia":[{"embeddable":true,"href":"https:\/\/corrientesdetarde.com\/index.php\/wp-json\/wp\/v2\/media\/95117"}],"wp:attachment":[{"href":"https:\/\/corrientesdetarde.com\/index.php\/wp-json\/wp\/v2\/media?parent=95116"}],"wp:term":[{"taxonomy":"category","embeddable":true,"href":"https:\/\/corrientesdetarde.com\/index.php\/wp-json\/wp\/v2\/categories?post=95116"},{"taxonomy":"post_tag","embeddable":true,"href":"https:\/\/corrientesdetarde.com\/index.php\/wp-json\/wp\/v2\/tags?post=95116"}],"curies":[{"name":"wp","href":"https:\/\/api.w.org\/{rel}","templated":true}]}}