{"id":95119,"date":"2023-10-14T08:21:40","date_gmt":"2023-10-14T11:21:40","guid":{"rendered":"https:\/\/corrientesdetarde.com\/?p=95119"},"modified":"2023-10-14T08:21:43","modified_gmt":"2023-10-14T11:21:43","slug":"desarrollo-social-homenaje-a-las-mamas-en-las-ferias","status":"publish","type":"post","link":"https:\/\/corrientesdetarde.com\/index.php\/sociales\/desarrollo-social-homenaje-a-las-mamas-en-las-ferias\/","title":{"rendered":"Desarrollo Social homenaje a las mam\u00e1s en las ferias"},"content":{"rendered":"\n<p>Las ferias de emprendedores tendr\u00e1n lugar nuevamente este fin de semana en la ciudad de Corrientes, en v\u00edsperas del D\u00eda de la Madre, para que las personas puedan adquirir sus obsequios. Es as\u00ed que este domingo el Ministerio de Desarrollo Social de la Provincia, rendir\u00e1 homenaje a las madres en el Paseo Iber\u00e1.<\/p>\n\n\n\n<p>Las ferias se llevar\u00e1n adelante este s\u00e1bado y domingo de 16 a 23 horas. La Direcci\u00f3n de Comercializaci\u00f3n, cuya titular es D\u00e9bora Galarza Alcaraz, tiene a su cargo la coordinaci\u00f3n junto a un gran equipo de artesanos y emprendedores.<\/p>\n\n\n\n<p>La Expo Emprendedora se realizar\u00e1 en el Paseo Iber\u00e1, ubicado debajo del Puente &#8220;General Manuel Belgrano&#8221; en la intersecci\u00f3n de las avenidas 3 de Abril y Costanera, donde artesanos y emprendedores gastron\u00f3micos ofrecer\u00e1n sus productos textiles, tejidos, ornamentaciones para el hogar, viveristas, bijouterie, talabarter\u00eda, herrer\u00eda, entre otros rubros.<\/p>\n\n\n\n<p>Desde el patio gastron\u00f3mico, se podr\u00e1 disfrutar de espect\u00e1culos art\u00edsticos. De esta manera, este s\u00e1bado actuar\u00e1n Carlos Saglio y sus Bailarines Latinos; Claudio S\u00e1enz e Ignacio Paye; mientras que este domingo estar\u00e1n Rocio de los Milagros y su conjunto; Leo Acu\u00f1a; y Los Mochis.<\/p>\n\n\n\n<p>Por su parte, la Multiferia estar\u00e1 este domingo en el Parque El Eucaliptal del barrio San Ger\u00f3nimo de 15 a 21 horas, con artesanos, emprendedores gastron\u00f3micos y de reventa.<\/p>\n","protected":false},"excerpt":{"rendered":"<p>Las ferias de emprendedores tendr\u00e1n lugar nuevamente este fin de semana en la ciudad de Corrientes, en v\u00edsperas del D\u00eda de la Madre, para que las personas puedan adquirir sus&hellip; <\/p>\n","protected":false},"author":3,"featured_media":95121,"comment_status":"closed","ping_status":"open","sticky":false,"template":"","format":"standard","meta":{"footnotes":""},"categories":[17],"tags":[],"class_list":["post-95119","post","type-post","status-publish","format-standard","has-post-thumbnail","hentry","category-sociales"],"_links":{"self":[{"href":"https:\/\/corrientesdetarde.com\/index.php\/wp-json\/wp\/v2\/posts\/95119","targetHints":{"allow":["GET"]}}],"collection":[{"href":"https:\/\/corrientesdetarde.com\/index.php\/wp-json\/wp\/v2\/posts"}],"about":[{"href":"https:\/\/corrientesdetarde.com\/index.php\/wp-json\/wp\/v2\/types\/post"}],"author":[{"embeddable":true,"href":"https:\/\/corrientesdetarde.com\/index.php\/wp-json\/wp\/v2\/users\/3"}],"replies":[{"embeddable":true,"href":"https:\/\/corrientesdetarde.com\/index.php\/wp-json\/wp\/v2\/comments?post=95119"}],"version-history":[{"count":1,"href":"https:\/\/corrientesdetarde.com\/index.php\/wp-json\/wp\/v2\/posts\/95119\/revisions"}],"predecessor-version":[{"id":95122,"href":"https:\/\/corrientesdetarde.com\/index.php\/wp-json\/wp\/v2\/posts\/95119\/revisions\/95122"}],"wp:featuredmedia":[{"embeddable":true,"href":"https:\/\/corrientesdetarde.com\/index.php\/wp-json\/wp\/v2\/media\/95121"}],"wp:attachment":[{"href":"https:\/\/corrientesdetarde.com\/index.php\/wp-json\/wp\/v2\/media?parent=95119"}],"wp:term":[{"taxonomy":"category","embeddable":true,"href":"https:\/\/corrientesdetarde.com\/index.php\/wp-json\/wp\/v2\/categories?post=95119"},{"taxonomy":"post_tag","embeddable":true,"href":"https:\/\/corrientesdetarde.com\/index.php\/wp-json\/wp\/v2\/tags?post=95119"}],"curies":[{"name":"wp","href":"https:\/\/api.w.org\/{rel}","templated":true}]}}