{"id":95129,"date":"2023-10-14T08:58:26","date_gmt":"2023-10-14T11:58:26","guid":{"rendered":"https:\/\/corrientesdetarde.com\/?p=95129"},"modified":"2023-10-14T08:58:38","modified_gmt":"2023-10-14T11:58:38","slug":"coprodis-participo-de-la-14-caminata-inclusiva","status":"publish","type":"post","link":"https:\/\/corrientesdetarde.com\/index.php\/informacion-general\/coprodis-participo-de-la-14-caminata-inclusiva\/","title":{"rendered":"COPRODIS particip\u00f3 de la 14\u00b0 Caminata Inclusiva"},"content":{"rendered":"\n<p>El Consejo Provincial de Discapacidad (COPRODIS) dependiente del Ministerio de Desarrollo Social, particip\u00f3 este jueves de la 14\u00b0 Caminata Inclusiva en la ciudad de Corrientes, bajo el lema &#8220;el camino que nos hace iguales&#8221;. Se cont\u00f3 con la participaci\u00f3n de la directora del COPRODIS, Roxana Tannuri, y el equipo del \u00e1rea junto a la coordinadora de Educaci\u00f3n Especial, Mariana Escalante.<\/p>\n\n\n\n<p>Adem\u00e1s de la caminata hubo feria y exposiciones de todo lo trabajado por los ni\u00f1os y j\u00f3venes con discapacidad en cada una de sus instituciones,&nbsp;espect\u00e1culos en vivo y m\u00faltiples propuestas en la bajada del puente interprovincial, sobre la Costanera General San Mart\u00edn. La caminata estuvo organizada por el Instituto San Diego, de la cual participaron instituciones que atiende a personas con discapacidad.<\/p>\n","protected":false},"excerpt":{"rendered":"<p>El Consejo Provincial de Discapacidad (COPRODIS) dependiente del Ministerio de Desarrollo Social, particip\u00f3 este jueves de la 14\u00b0 Caminata Inclusiva en la ciudad de Corrientes, bajo el lema &#8220;el camino&hellip; <\/p>\n","protected":false},"author":3,"featured_media":95130,"comment_status":"closed","ping_status":"open","sticky":false,"template":"","format":"standard","meta":{"footnotes":""},"categories":[1],"tags":[],"class_list":["post-95129","post","type-post","status-publish","format-standard","has-post-thumbnail","hentry","category-informacion-general"],"_links":{"self":[{"href":"https:\/\/corrientesdetarde.com\/index.php\/wp-json\/wp\/v2\/posts\/95129","targetHints":{"allow":["GET"]}}],"collection":[{"href":"https:\/\/corrientesdetarde.com\/index.php\/wp-json\/wp\/v2\/posts"}],"about":[{"href":"https:\/\/corrientesdetarde.com\/index.php\/wp-json\/wp\/v2\/types\/post"}],"author":[{"embeddable":true,"href":"https:\/\/corrientesdetarde.com\/index.php\/wp-json\/wp\/v2\/users\/3"}],"replies":[{"embeddable":true,"href":"https:\/\/corrientesdetarde.com\/index.php\/wp-json\/wp\/v2\/comments?post=95129"}],"version-history":[{"count":1,"href":"https:\/\/corrientesdetarde.com\/index.php\/wp-json\/wp\/v2\/posts\/95129\/revisions"}],"predecessor-version":[{"id":95143,"href":"https:\/\/corrientesdetarde.com\/index.php\/wp-json\/wp\/v2\/posts\/95129\/revisions\/95143"}],"wp:featuredmedia":[{"embeddable":true,"href":"https:\/\/corrientesdetarde.com\/index.php\/wp-json\/wp\/v2\/media\/95130"}],"wp:attachment":[{"href":"https:\/\/corrientesdetarde.com\/index.php\/wp-json\/wp\/v2\/media?parent=95129"}],"wp:term":[{"taxonomy":"category","embeddable":true,"href":"https:\/\/corrientesdetarde.com\/index.php\/wp-json\/wp\/v2\/categories?post=95129"},{"taxonomy":"post_tag","embeddable":true,"href":"https:\/\/corrientesdetarde.com\/index.php\/wp-json\/wp\/v2\/tags?post=95129"}],"curies":[{"name":"wp","href":"https:\/\/api.w.org\/{rel}","templated":true}]}}