{"id":95138,"date":"2023-10-14T08:50:11","date_gmt":"2023-10-14T11:50:11","guid":{"rendered":"https:\/\/corrientesdetarde.com\/?p=95138"},"modified":"2023-10-14T10:13:56","modified_gmt":"2023-10-14T13:13:56","slug":"el-oficialismo-fortalece-la-centralidad-con-milei","status":"publish","type":"post","link":"https:\/\/corrientesdetarde.com\/index.php\/politica\/el-oficialismo-fortalece-la-centralidad-con-milei\/","title":{"rendered":"EL OFICIALISMO FORTALECE LA CENTRALIDAD CON MILEI"},"content":{"rendered":"\n<p>(Pablo Roma, corresponsal\u00eda Buenos Aires) &#8211; Los funcionarios y candidatos de Union por la Patria, basan sus discursos de campa\u00f1a poniendo al candidato libertario como principal rival. En este caso, el ministro de Obras P\u00fablicas, Gracias Katopodis, advirti\u00f3 que &#8220;todos tenemos a un metro alguien a quien Javier Milei le va a joder la vida&#8221; y dijo que &#8220;no podemos permitir que se destruya lo que hicimos&#8221;, en un mensaje a una semana de las elecciones presidenciales.<\/p>\n\n\n\n<p>Fortaleciedo la bajada de l\u00ednea que Sergio Massa impulsa en el espacio gobernante, los pol\u00edticos del peronismo dejan de lado las controversias con Juntos por el Cambio y la candidata Patrica Bullrich, para lograr un ballotage con Milei.<\/p>\n\n\n\n<p>Con esta premisa, fue ahora Katopodis quien sin reparos exclam\u00f3 <\/p>\n\n\n\n<p>que &#8220;todos tenemos a un metro alguien a quien Javier Milei le va a joder la vida&#8221; y dijo que &#8220;no podemos permitir que se destruya lo que hicimos&#8221;, en un mensaje a una semana de las elecciones presidenciales.<\/p>\n\n\n\n<p>&#8220;Todos tenemos a un metro alguien a quien Milei le va a joder la vida. La Argentina tiene hacia adelante una oportunidad enorme, no podemos permitir que se destruya lo que hicimos&#8221; inst\u00f3 el funcionario desde su cuenta en la plataforma X, en referencia al candidato de La Libertad Avanza.<\/p>\n\n\n\n<p>Katopodis agreg\u00f3 que &#8220;para eso, la boleta es completa con Sergio Massa en el pa\u00eds, Axel Kicillof, en la Provincia y Fernando Moreira en San Mart\u00edn&#8221;, convoc\u00f3 en las redes bajo el hashtag-etiqueta #Mileino #MejorParaLaArgentina.<\/p>\n\n\n\n<p>Ayer, el ministro estuvo de campa\u00f1a en la l\u00ednea de ferrocarriles Mitre donde recorri\u00f3 los talleres y mantuvo conversaciones con los trabajadores, a quien les dijo que Milei, &#8220;no tiene en la cabeza el pa\u00eds que nos conviene&#8221;.<\/p>\n\n\n\n<p>KICILLOF REALIZAR\u00c1 ACTOS DE CAMPA\u00d1A EN MOR\u00d3N Y EN MORENO<\/p>\n\n\n\n<p>Por su parte, el gobernador bonaerense, Axel Kicillof, quien busca su reelecci\u00f3n en la provincia participar\u00e1 hoy de un acto en Mor\u00f3n, y posteriormente ir\u00e1 a Moreno, donde se espera tambi\u00e9n la presencia del candidato presidencial de Uni\u00f3n por la Patria, Sergio Massa, seg\u00fan fuentes partidarias.<\/p>\n\n\n\n<p>A las 13, en el estadio de Deportivo Mor\u00f3n, ubicado en Bernardo de Irigoyen 1098, Kicillof compartir\u00e1 un acto junto al intendente local, Lucas Ghi.<\/p>\n\n\n\n<p>All\u00ed estar\u00e1 acompa\u00f1ado adem\u00e1s por el titular de la Autoridad de Cuenca Matanza Riachuelo (Acumar) y l\u00edder de Nuevo Encuentro, Martin Sabbatella, junto a la diputada nacional M\u00f3nica Macha y otros dirigentes.<\/p>\n\n\n\n<p>Posteriormente, a las 16, y en la prevista compa\u00f1\u00eda de Massa, Kicillof estar\u00e1 en el Club Los Indios de Moreno, donde se reunir\u00e1 con la militancia local.<\/p>\n\n\n\n<p>All\u00ed se presentar\u00e1 junto a la intendenta de Moreno, la referente del Movimiento Evita, Mariel Fern\u00e1ndez, detallaron fuentes partidarias.<\/p>\n","protected":false},"excerpt":{"rendered":"<p>(Pablo Roma, corresponsal\u00eda Buenos Aires) &#8211; Los funcionarios y candidatos de Union por la Patria, basan sus discursos de campa\u00f1a poniendo al candidato libertario como principal rival. En este caso,&hellip; <\/p>\n","protected":false},"author":11,"featured_media":95140,"comment_status":"closed","ping_status":"open","sticky":false,"template":"","format":"standard","meta":{"footnotes":""},"categories":[26,3],"tags":[334,336],"class_list":["post-95138","post","type-post","status-publish","format-standard","has-post-thumbnail","hentry","category-destacados","category-politica","tag-katopodis","tag-milei"],"_links":{"self":[{"href":"https:\/\/corrientesdetarde.com\/index.php\/wp-json\/wp\/v2\/posts\/95138","targetHints":{"allow":["GET"]}}],"collection":[{"href":"https:\/\/corrientesdetarde.com\/index.php\/wp-json\/wp\/v2\/posts"}],"about":[{"href":"https:\/\/corrientesdetarde.com\/index.php\/wp-json\/wp\/v2\/types\/post"}],"author":[{"embeddable":true,"href":"https:\/\/corrientesdetarde.com\/index.php\/wp-json\/wp\/v2\/users\/11"}],"replies":[{"embeddable":true,"href":"https:\/\/corrientesdetarde.com\/index.php\/wp-json\/wp\/v2\/comments?post=95138"}],"version-history":[{"count":3,"href":"https:\/\/corrientesdetarde.com\/index.php\/wp-json\/wp\/v2\/posts\/95138\/revisions"}],"predecessor-version":[{"id":95190,"href":"https:\/\/corrientesdetarde.com\/index.php\/wp-json\/wp\/v2\/posts\/95138\/revisions\/95190"}],"wp:featuredmedia":[{"embeddable":true,"href":"https:\/\/corrientesdetarde.com\/index.php\/wp-json\/wp\/v2\/media\/95140"}],"wp:attachment":[{"href":"https:\/\/corrientesdetarde.com\/index.php\/wp-json\/wp\/v2\/media?parent=95138"}],"wp:term":[{"taxonomy":"category","embeddable":true,"href":"https:\/\/corrientesdetarde.com\/index.php\/wp-json\/wp\/v2\/categories?post=95138"},{"taxonomy":"post_tag","embeddable":true,"href":"https:\/\/corrientesdetarde.com\/index.php\/wp-json\/wp\/v2\/tags?post=95138"}],"curies":[{"name":"wp","href":"https:\/\/api.w.org\/{rel}","templated":true}]}}