{"id":95153,"date":"2023-10-14T09:02:19","date_gmt":"2023-10-14T12:02:19","guid":{"rendered":"https:\/\/corrientesdetarde.com\/?p=95153"},"modified":"2023-10-14T09:02:30","modified_gmt":"2023-10-14T12:02:30","slug":"any-pereyra-ratifico-su-respaldo-a-bullrich","status":"publish","type":"post","link":"https:\/\/corrientesdetarde.com\/index.php\/politica\/any-pereyra-ratifico-su-respaldo-a-bullrich\/","title":{"rendered":"Any Pereyra ratific\u00f3 su respaldo a Bullrich"},"content":{"rendered":"\n<p>En las \u00faltimas horas, la diputada provincial por el Partido Liberal, Any Pereyra, en contacto con un medio radial realiz\u00f3 un an\u00e1lisis de la campa\u00f1a pol\u00edtica, a ocho d\u00edas de las elecciones presidenciales. Tambi\u00e9n destac\u00f3 la figura de Patricia Bullrich por sobre el resto de los candidatos.<\/p>\n\n\n\n<p>&#8220;Me parece que para este momento de Argentina, el candidato a Presidente debe ser una persona que muestre templanza y prudencia&#8221;, coment\u00f3 y agreg\u00f3: &#8220;El esfuerzo que hay que hacer en Argentina requiere ejemplaridad y la ejemplaridad hoy est\u00e1 en manos de Patricia Bullrich, para guiar este proceso&#8221;.<\/p>\n\n\n\n<p>Al ser consultada sobre la posibilidad de que Javier Milei sea electo Presidente, la legisladora correntina dijo: &#8220;Siempre se respeta la decisi\u00f3n del pueblo y creo que en un grupo como el de Juntos por el Cambio todos somos absolutamente respetuosos, reflexivos&#8221; y &#8220;somos constructivos, queremos lo mejor para la Rep\u00fablica Argentina y lo mejor para Corrientes&#8221;, afirm\u00f3.<\/p>\n\n\n\n<p>Adem\u00e1s, manifest\u00f3: &#8220;Las condiciones personales de quien dirija el pa\u00eds tiene que requerir vocaci\u00f3n de di\u00e1logo, no una persona a la que ya no le qued\u00f3 nadie con qui\u00e9n pelearse, se pelea con los deportistas, los periodistas, con las mujeres&#8221;.<\/p>\n\n\n\n<p>A su vez, Any Pereyra record\u00f3 una conferencia de prensa en el que Milei hab\u00eda gritado a un periodista en una conferencia de prensa y remarc\u00f3: &#8220;Se puede pedir respeto y que lo escuchen, pero con otros modos, imag\u00ednense si tiene el poder en la mano lo que podr\u00eda llegar a hacer&#8221;.<\/p>\n\n\n\n<p>&#8220;No me inspira la confianza necesaria para direccionar el pa\u00eds, como s\u00ed lo hace Patricia, que es una persona que ha venido a Corrientes y se ha sentado con todos nosotros, que te mira a la cara y te dice \u0091necesito el apoyo\u0092, este esfuerzo es un esfuerzo que tenemos que hacer todos&#8221;.<\/p>\n\n\n\n<figure class=\"wp-block-image\"><img decoding=\"async\" src=\"https:\/\/www.diarioepoca.com\/content\/bucket\/2\/1325742w380h133c.jpg.webp\" alt=\"\"\/><\/figure>\n\n\n\n<p>En cuanto a la doctrina libertaria que Milei presenta, afirm\u00f3: &#8220;Es una persona que no es liberal, el liberalismo habla de la vida, de la libertad, de la propiedad con total tolerancia. \u00c9l rese\u00f1a a los pensadores pero no es lo mismo repetir un librito que sentarse en una silla, como la de la Presidencia de la Naci\u00f3n en este momento de la historia&#8221;.<\/p>\n\n\n\n<p>&#8220;Sinceramente, considero que no tiene las condiciones necesarias para llegar a ese lugar, porque fundamentalmente, una de las herramientas es el di\u00e1logo, no se pueden andar por la vida pel\u00e1ndose con todo el mundo y ejerciendo el autoritarismo&#8221;, asever\u00f3.<\/p>\n\n\n\n<p>Para concluir, remarc\u00f3 que Patricia es quien le dar\u00e1 a Corrientes lo que necesita.<\/p>\n","protected":false},"excerpt":{"rendered":"<p>En las \u00faltimas horas, la diputada provincial por el Partido Liberal, Any Pereyra, en contacto con un medio radial realiz\u00f3 un an\u00e1lisis de la campa\u00f1a pol\u00edtica, a ocho d\u00edas de&hellip; <\/p>\n","protected":false},"author":3,"featured_media":95154,"comment_status":"closed","ping_status":"open","sticky":false,"template":"","format":"standard","meta":{"footnotes":""},"categories":[3],"tags":[],"class_list":["post-95153","post","type-post","status-publish","format-standard","has-post-thumbnail","hentry","category-politica"],"_links":{"self":[{"href":"https:\/\/corrientesdetarde.com\/index.php\/wp-json\/wp\/v2\/posts\/95153","targetHints":{"allow":["GET"]}}],"collection":[{"href":"https:\/\/corrientesdetarde.com\/index.php\/wp-json\/wp\/v2\/posts"}],"about":[{"href":"https:\/\/corrientesdetarde.com\/index.php\/wp-json\/wp\/v2\/types\/post"}],"author":[{"embeddable":true,"href":"https:\/\/corrientesdetarde.com\/index.php\/wp-json\/wp\/v2\/users\/3"}],"replies":[{"embeddable":true,"href":"https:\/\/corrientesdetarde.com\/index.php\/wp-json\/wp\/v2\/comments?post=95153"}],"version-history":[{"count":1,"href":"https:\/\/corrientesdetarde.com\/index.php\/wp-json\/wp\/v2\/posts\/95153\/revisions"}],"predecessor-version":[{"id":95155,"href":"https:\/\/corrientesdetarde.com\/index.php\/wp-json\/wp\/v2\/posts\/95153\/revisions\/95155"}],"wp:featuredmedia":[{"embeddable":true,"href":"https:\/\/corrientesdetarde.com\/index.php\/wp-json\/wp\/v2\/media\/95154"}],"wp:attachment":[{"href":"https:\/\/corrientesdetarde.com\/index.php\/wp-json\/wp\/v2\/media?parent=95153"}],"wp:term":[{"taxonomy":"category","embeddable":true,"href":"https:\/\/corrientesdetarde.com\/index.php\/wp-json\/wp\/v2\/categories?post=95153"},{"taxonomy":"post_tag","embeddable":true,"href":"https:\/\/corrientesdetarde.com\/index.php\/wp-json\/wp\/v2\/tags?post=95153"}],"curies":[{"name":"wp","href":"https:\/\/api.w.org\/{rel}","templated":true}]}}