{"id":95156,"date":"2023-10-14T09:03:47","date_gmt":"2023-10-14T12:03:47","guid":{"rendered":"https:\/\/corrientesdetarde.com\/?p=95156"},"modified":"2023-10-14T09:03:59","modified_gmt":"2023-10-14T12:03:59","slug":"corrientes-realiza-cirugias-en-el-area-de-maternidad-de-alta-complejidad-nivel-3b","status":"publish","type":"post","link":"https:\/\/corrientesdetarde.com\/index.php\/bienestar-y-salud\/corrientes-realiza-cirugias-en-el-area-de-maternidad-de-alta-complejidad-nivel-3b\/","title":{"rendered":"Corrientes realiza cirug\u00edas en el \u00e1rea de maternidad de alta complejidad nivel 3B"},"content":{"rendered":"\n<p>La instituci\u00f3n cuenta con un equipo de profesionales especializados para recibir a beb\u00e9s con distintas patolog\u00edas, adem\u00e1s posee equipamiento e infraestructura de \u00f3ptimo nivel.\u00a0\u00a0<\/p>\n\n\n\n<p>&nbsp;El ministro de Salud P\u00fablica, Ricardo Cardozo, destac\u00f3 \u201cel trabajo del equipo de profesionales que lleva adelante estas intervenciones de alta complejidad, y valor\u00f3 que \u201cgracias a la decisi\u00f3n del gobernador Gustavo Vald\u00e9s, contamos con un servicio moderno y de excelencia\u201d.<\/p>\n\n\n\n<p>La directora general de Salud Materno Infanto Juvenil, Adela Saade, detall\u00f3 que \u201ccon los doctores Mill\u00e1n y Pruyas, y con el equipamiento provisto por el Gobierno de la Provincia se vienen realizando cirug\u00edas de alta complejidad en la \u00fanidad de maternidad 3 B de la provincia.&nbsp;<\/p>\n\n\n\n<p>Estos ni\u00f1os nacen en la maternidad m\u00e1s capacitada para recibirlos e inmediatamente se realiza la cirug\u00eda correctiva del error cong\u00e9nito que marca el pron\u00f3stico y la sobrevida de los pacientes reci\u00e9n nacidos\u201d<\/p>\n\n\n\n<p>\u201cHace 2 a\u00f1os contamos con cirug\u00edas de alta complejidad y un plantel quir\u00fargico neonatal exclusivo del Hospital Materno Neonatal\u201d, destac\u00f3 la funcionaria.<\/p>\n\n\n\n<p>Detall\u00f3 que \u201cestas cirug\u00edas, que antes eran diferidas y marcaban la morbimortalidad de los reci\u00e9n nacidos, hoy son realizadas a minutos luego del nacimiento de los ni\u00f1os, lo que conlleva un alt\u00edsimo porcentaje de sobrevida y calidad de la recuperaci\u00f3n y crecimiento posterior del ni\u00f1o\u201d.<\/p>\n\n\n\n<p>\u201cHoy los reci\u00e9n nacidos con alguna alteraci\u00f3n que requieren cirug\u00eda, egresan de la maternidad con dicha alteraci\u00f3n corregida\u201d, remarc\u00f3.<\/p>\n\n\n\n<p>El bloque quir\u00fargico del Hospital Materno Neonatal fue inaugurado en agosto del 2021 por el gobernador Gustavo Vald\u00e9s, junto con el ministro Ricardo Cardozo.<\/p>\n\n\n\n<blockquote class=\"wp-block-quote is-layout-flow wp-block-quote-is-layout-flow\"><p>\u201cHace 2 a\u00f1os contamos&nbsp;con cirug\u00edas de alta complejidad y un plantel quir\u00fargico neonatal exclusivo del Hospital Materno Neonatal\u201d,&nbsp;destac\u00f3 la funcionaria.<\/p><\/blockquote>\n\n\n\n<p>&nbsp;La obra comprende una superficie aproximada de 550 m2 con dos quir\u00f3fanos de obstetricia y uno neonatal, \u00e1rea de admisi\u00f3n, dos consultorios, sala de dilataci\u00f3n con cinco boxes, sala de recuperaci\u00f3n con 5 puestos, dos salas de parto, dos vestuarios con ba\u00f1os, sala de recepci\u00f3n de reci\u00e9n nacido y farmacia.<\/p>\n\n\n\n<p>Qu\u00e9 es un nivel 3B<\/p>\n\n\n\n<p>Son aquellas unidades con capacidad de proveer todo tipo de cuidado neonatal, incluyendo los requeridos por ni\u00f1os extremadamente prematuros.<\/p>\n\n\n\n<p>El nivel 3B podr\u00e1 eventualmente y de acuerdo con las caracter\u00edsticas regionales, subdividirse en 3B1, B2 o B3 seg\u00fan su disponibilidad para realizar cirug\u00eda general, cirug\u00eda SNC y\/o cirug\u00eda cardiovascular.<\/p>\n\n\n\n<p>Los tipos de patolog\u00eda que debe estar en condiciones de solucionar una unidad de este nivel de complejidad son las siguientes:<\/p>\n\n\n\n<ul class=\"wp-block-list\"><li>Ni\u00f1os\/as con menos de 32 semanas de edad gestacional<\/li><li>Reci\u00e9n nacido\/a de t\u00e9rmino o casi t\u00e9rmino que se reinternen por bronquiolitis<\/li><li>Ni\u00f1os\/as con SDR del prematuro que requieran Surfactante<\/li><li>Ni\u00f1o\/a que requieran ox\u00edgeno\/Cpap y\/o ARM 27<\/li><li>Ni\u00f1o\/a con alimentaci\u00f3n parenteral\/suero<\/li><li>Ni\u00f1o\/a que requieran hemodiluci\u00f3n o exsanguineotransfusi\u00f3n<\/li><li>Ni\u00f1o\/a de t\u00e9rmino o casi t\u00e9rmino con bronquiolitis que requieran ox\u00edgeno o soporte respiratorio y con evoluci\u00f3n favorable r\u00e1pida<\/li><li>Ni\u00f1o\/a con patolog\u00eda quir\u00fargica general<\/li><li>Ni\u00f1o\/a con patolog\u00eda quir\u00fargica compleja incluyendo patolog\u00eda del SNC<\/li><li>Ni\u00f1o\/a con patolog\u00eda quir\u00fargica cardiol\u00f3gica<\/li><li>Ni\u00f1o\/a con patolog\u00eda neonatal cr\u00edtica.<\/li><\/ul>\n","protected":false},"excerpt":{"rendered":"<p>La instituci\u00f3n cuenta con un equipo de profesionales especializados para recibir a beb\u00e9s con distintas patolog\u00edas, adem\u00e1s posee equipamiento e infraestructura de \u00f3ptimo nivel.\u00a0\u00a0 &nbsp;El ministro de Salud P\u00fablica, Ricardo&hellip; <\/p>\n","protected":false},"author":3,"featured_media":95157,"comment_status":"closed","ping_status":"open","sticky":false,"template":"","format":"standard","meta":{"footnotes":""},"categories":[16],"tags":[],"class_list":["post-95156","post","type-post","status-publish","format-standard","has-post-thumbnail","hentry","category-bienestar-y-salud"],"_links":{"self":[{"href":"https:\/\/corrientesdetarde.com\/index.php\/wp-json\/wp\/v2\/posts\/95156","targetHints":{"allow":["GET"]}}],"collection":[{"href":"https:\/\/corrientesdetarde.com\/index.php\/wp-json\/wp\/v2\/posts"}],"about":[{"href":"https:\/\/corrientesdetarde.com\/index.php\/wp-json\/wp\/v2\/types\/post"}],"author":[{"embeddable":true,"href":"https:\/\/corrientesdetarde.com\/index.php\/wp-json\/wp\/v2\/users\/3"}],"replies":[{"embeddable":true,"href":"https:\/\/corrientesdetarde.com\/index.php\/wp-json\/wp\/v2\/comments?post=95156"}],"version-history":[{"count":1,"href":"https:\/\/corrientesdetarde.com\/index.php\/wp-json\/wp\/v2\/posts\/95156\/revisions"}],"predecessor-version":[{"id":95158,"href":"https:\/\/corrientesdetarde.com\/index.php\/wp-json\/wp\/v2\/posts\/95156\/revisions\/95158"}],"wp:featuredmedia":[{"embeddable":true,"href":"https:\/\/corrientesdetarde.com\/index.php\/wp-json\/wp\/v2\/media\/95157"}],"wp:attachment":[{"href":"https:\/\/corrientesdetarde.com\/index.php\/wp-json\/wp\/v2\/media?parent=95156"}],"wp:term":[{"taxonomy":"category","embeddable":true,"href":"https:\/\/corrientesdetarde.com\/index.php\/wp-json\/wp\/v2\/categories?post=95156"},{"taxonomy":"post_tag","embeddable":true,"href":"https:\/\/corrientesdetarde.com\/index.php\/wp-json\/wp\/v2\/tags?post=95156"}],"curies":[{"name":"wp","href":"https:\/\/api.w.org\/{rel}","templated":true}]}}