{"id":95159,"date":"2023-10-14T09:59:56","date_gmt":"2023-10-14T12:59:56","guid":{"rendered":"https:\/\/corrientesdetarde.com\/?p=95159"},"modified":"2023-10-14T09:59:57","modified_gmt":"2023-10-14T12:59:57","slug":"como-funcionaran-los-servicios","status":"publish","type":"post","link":"https:\/\/corrientesdetarde.com\/index.php\/informacion-general\/como-funcionaran-los-servicios\/","title":{"rendered":"\u00bfC\u00f3mo funcionar\u00e1n los servicios?"},"content":{"rendered":"\n<p>La Municipalidad capitalina inform\u00f3 acerca de la prestaci\u00f3n de los servicios durante el feriado puente del lunes pr\u00f3ximo.<\/p>\n\n\n\n<p>Desde la Secretar\u00eda de Ambiente, dieron a conocer que el servicio de recolecci\u00f3n funcionar\u00e1 en los horarios habituales en las respectivas zonas.<\/p>\n\n\n\n<p>La actividad de los diferentes Puntos Verdes ser\u00e1 tambi\u00e9n normal, lo mismo que barrido, en tanto que solo se har\u00e1n guardias en Contralor Ambiental, Calidad Ambiental y Espacios P\u00fablicos.<\/p>\n\n\n\n<h2 class=\"wp-block-heading\">Defunciones<\/h2>\n\n\n\n<p>La Direcci\u00f3n General de Defunciones hizo saber que atender\u00e1 al p\u00fablico con una guardia que funcionar\u00e1, de 7 a 19, en su oficina ubicada en 25 de Mayo 1132 (Palacio Municipal), para tr\u00e1mites referentes a inhumaciones, introducci\u00f3n de cenizas y traslados de car\u00e1cter urgente.<\/p>\n\n\n\n<p>El Tribunal Municipal de Faltas funcionar\u00e1 con una guardia que atender\u00e1 de 8 a 16, solo para tr\u00e1mites urgentes referidos a secuestros comunes de veh\u00edculos.<\/p>\n\n\n\n<p>Los centros de atenci\u00f3n tur\u00edstica funcionar\u00e1n con guardias. En plaza Vera se atender\u00e1 de 7 a 22; en plaza Cabral, de 7 a 21, y en la Terminal de \u00d3mnibus, de 8 a 20. Se recuerda que la oficina de Punta Tacuara contin\u00faa cerrada por obras y que, por lo tanto, el servicio de Eco Bicis se encuentra suspendido.<\/p>\n\n\n\n<h2 class=\"wp-block-heading\">Sin estacionamiento medido<\/h2>\n\n\n\n<p>Precisaron que el lunes no habr\u00e1 cobro del servicio de estacionamiento medido ni atenci\u00f3n en los Puntos SUBE ubicados en distintos sectores de la ciudad.<\/p>\n\n\n\n<p>En tanto que la Agencia Correntina de Recaudaci\u00f3n (ACOR), la Caja Municipal de Pr\u00e9stamos (CMP), el Centro Emisor de Licencias (CEL), las Salas de Atenci\u00f3n Primaria de la Salud (SAPS) y las dem\u00e1s dependencias administrativas municipales tampoco atender\u00e1n, retomando los servicios el martes 17. El mercado de Abasto (El Piso) funcionar\u00e1 normalmente, de 7 a 13 y de 17 a 21. En tanto que el mercado de Productos Frescos atender\u00e1 solo en media jornada, de 7 a 13.<\/p>\n\n\n\n<p>Los Paseos de Compras de El Piso, Zona Norte (San Ger\u00f3nimo), ex V\u00eda y avenida Pomar (frente al Hipermercado): trabajar\u00e1n normalmente en el horario de 9 a 21.<\/p>\n","protected":false},"excerpt":{"rendered":"<p>La Municipalidad capitalina inform\u00f3 acerca de la prestaci\u00f3n de los servicios durante el feriado puente del lunes pr\u00f3ximo. Desde la Secretar\u00eda de Ambiente, dieron a conocer que el servicio de&hellip; <\/p>\n","protected":false},"author":3,"featured_media":95160,"comment_status":"closed","ping_status":"open","sticky":false,"template":"","format":"standard","meta":{"footnotes":""},"categories":[1],"tags":[],"class_list":["post-95159","post","type-post","status-publish","format-standard","has-post-thumbnail","hentry","category-informacion-general"],"_links":{"self":[{"href":"https:\/\/corrientesdetarde.com\/index.php\/wp-json\/wp\/v2\/posts\/95159","targetHints":{"allow":["GET"]}}],"collection":[{"href":"https:\/\/corrientesdetarde.com\/index.php\/wp-json\/wp\/v2\/posts"}],"about":[{"href":"https:\/\/corrientesdetarde.com\/index.php\/wp-json\/wp\/v2\/types\/post"}],"author":[{"embeddable":true,"href":"https:\/\/corrientesdetarde.com\/index.php\/wp-json\/wp\/v2\/users\/3"}],"replies":[{"embeddable":true,"href":"https:\/\/corrientesdetarde.com\/index.php\/wp-json\/wp\/v2\/comments?post=95159"}],"version-history":[{"count":1,"href":"https:\/\/corrientesdetarde.com\/index.php\/wp-json\/wp\/v2\/posts\/95159\/revisions"}],"predecessor-version":[{"id":95170,"href":"https:\/\/corrientesdetarde.com\/index.php\/wp-json\/wp\/v2\/posts\/95159\/revisions\/95170"}],"wp:featuredmedia":[{"embeddable":true,"href":"https:\/\/corrientesdetarde.com\/index.php\/wp-json\/wp\/v2\/media\/95160"}],"wp:attachment":[{"href":"https:\/\/corrientesdetarde.com\/index.php\/wp-json\/wp\/v2\/media?parent=95159"}],"wp:term":[{"taxonomy":"category","embeddable":true,"href":"https:\/\/corrientesdetarde.com\/index.php\/wp-json\/wp\/v2\/categories?post=95159"},{"taxonomy":"post_tag","embeddable":true,"href":"https:\/\/corrientesdetarde.com\/index.php\/wp-json\/wp\/v2\/tags?post=95159"}],"curies":[{"name":"wp","href":"https:\/\/api.w.org\/{rel}","templated":true}]}}