{"id":95388,"date":"2023-10-15T19:26:33","date_gmt":"2023-10-15T22:26:33","guid":{"rendered":"https:\/\/corrientesdetarde.com\/?p=95388"},"modified":"2023-10-15T19:26:38","modified_gmt":"2023-10-15T22:26:38","slug":"una-familia-protagonizo-un-accidente-y-se-salvo-de-milagro","status":"publish","type":"post","link":"https:\/\/corrientesdetarde.com\/index.php\/policiales\/una-familia-protagonizo-un-accidente-y-se-salvo-de-milagro\/","title":{"rendered":"Una familia protagoniz\u00f3 un accidente y se salv\u00f3 de milagro."},"content":{"rendered":"\n<h2 class=\"wp-block-heading\">En la madrugada de este domingo una familia oriunda de la localidad bonaerense de San Andr\u00e9s de Giles sufri\u00f3 un accidente a la altura del departamento de Islas del Ibicuy, Entre R\u00edos, cuando el veh\u00edculo despist\u00f3 y termin\u00f3 al borde de un arroyo. Afortunadamente todos los integrantes no sufrieron heridas.<br><\/h2>\n\n\n\n<p>La conductora de un autom\u00f3vil Ford Focus con un tr\u00e1iler remolque perdi\u00f3 el control del rodado y despist\u00f3 en el kil\u00f3metro 145 de la ruta nacional 12, m\u00e1s precisamente, sobre el puente del arroyo Chaj\u00e1. Como consecuencia del accidente, que se registr\u00f3 en el amanecer de este domingo, afortunadamente, no se reportaron lesionados, pero s\u00ed importantes da\u00f1os materiales.<br><\/p>\n\n\n\n<p>Fuentes policiales de la comisar\u00eda de Ceibas confirmaron que en el veh\u00edculo viajaba una familia oriunda de la Provincia de Buenos Aires y compuesta por cinco ocupantes, entre estos, tres menores de edad de 7, 14 y 17 a\u00f1os; afortunadamente, y pese al fuerte impacto, todos resultaron ilesos.<\/p>\n\n\n\n<figure class=\"wp-block-image\"><img decoding=\"async\" src=\"https:\/\/www.radiosudamericana.com\/notix\/multimedia\/imagenes\/fotos\/2023-10-15\/493859.jpg\" alt=\"\"\/><\/figure>\n\n\n\n<p>Seg\u00fan inform\u00f3 Canal Once, al momento del accidente, era la madre de familia quien conduc\u00eda el veh\u00edculo. La mujer adujo que \u201cpesta\u00f1e\u00f3\u201d y en ese instante perdi\u00f3 el control del auto. El veh\u00edculo hizo \u201cefecto tijera\u201d con el tr\u00e1iler remolque pero, al quedar enganchado con el guardarrail, eso evit\u00f3 que cayeran al arroyo.<\/p>\n\n\n\n<p>Los integrantes de la familia se encontraban shockeados por el accidente, pero afortunadamente salieron del rodado siniestrado por sus propios medios y dieron aviso a familiares para que fueran a rescatarlos.<\/p>\n\n\n\n<figure class=\"wp-block-image\"><img decoding=\"async\" src=\"https:\/\/www.radiosudamericana.com\/notix\/multimedia\/imagenes\/fotos\/2023-10-15\/312977.jpg\" alt=\"\"\/><\/figure>\n\n\n\n<p>La familia hab\u00eda aprovechado el fin de semana extra largo para recorrer parte del norte argentino, hicieron noche en Corrientes y se dispon\u00edan a regresar a casa, en San Andr\u00e9s de Giles, cuando protagonizaron el tremendo accidente.<\/p>\n","protected":false},"excerpt":{"rendered":"<p>En la madrugada de este domingo una familia oriunda de la localidad bonaerense de San Andr\u00e9s de Giles sufri\u00f3 un accidente a la altura del departamento de Islas del Ibicuy,&hellip; <\/p>\n","protected":false},"author":6,"featured_media":95389,"comment_status":"closed","ping_status":"open","sticky":false,"template":"","format":"standard","meta":{"footnotes":""},"categories":[33],"tags":[],"class_list":["post-95388","post","type-post","status-publish","format-standard","has-post-thumbnail","hentry","category-policiales"],"_links":{"self":[{"href":"https:\/\/corrientesdetarde.com\/index.php\/wp-json\/wp\/v2\/posts\/95388","targetHints":{"allow":["GET"]}}],"collection":[{"href":"https:\/\/corrientesdetarde.com\/index.php\/wp-json\/wp\/v2\/posts"}],"about":[{"href":"https:\/\/corrientesdetarde.com\/index.php\/wp-json\/wp\/v2\/types\/post"}],"author":[{"embeddable":true,"href":"https:\/\/corrientesdetarde.com\/index.php\/wp-json\/wp\/v2\/users\/6"}],"replies":[{"embeddable":true,"href":"https:\/\/corrientesdetarde.com\/index.php\/wp-json\/wp\/v2\/comments?post=95388"}],"version-history":[{"count":1,"href":"https:\/\/corrientesdetarde.com\/index.php\/wp-json\/wp\/v2\/posts\/95388\/revisions"}],"predecessor-version":[{"id":95390,"href":"https:\/\/corrientesdetarde.com\/index.php\/wp-json\/wp\/v2\/posts\/95388\/revisions\/95390"}],"wp:featuredmedia":[{"embeddable":true,"href":"https:\/\/corrientesdetarde.com\/index.php\/wp-json\/wp\/v2\/media\/95389"}],"wp:attachment":[{"href":"https:\/\/corrientesdetarde.com\/index.php\/wp-json\/wp\/v2\/media?parent=95388"}],"wp:term":[{"taxonomy":"category","embeddable":true,"href":"https:\/\/corrientesdetarde.com\/index.php\/wp-json\/wp\/v2\/categories?post=95388"},{"taxonomy":"post_tag","embeddable":true,"href":"https:\/\/corrientesdetarde.com\/index.php\/wp-json\/wp\/v2\/tags?post=95388"}],"curies":[{"name":"wp","href":"https:\/\/api.w.org\/{rel}","templated":true}]}}