{"id":95391,"date":"2023-10-15T19:32:27","date_gmt":"2023-10-15T22:32:27","guid":{"rendered":"https:\/\/corrientesdetarde.com\/?p=95391"},"modified":"2023-10-15T19:32:30","modified_gmt":"2023-10-15T22:32:30","slug":"anciano-le-disparo-a-su-cunado-tras-una-discusion","status":"publish","type":"post","link":"https:\/\/corrientesdetarde.com\/index.php\/policiales\/anciano-le-disparo-a-su-cunado-tras-una-discusion\/","title":{"rendered":"Anciano le dispar\u00f3 a su cu\u00f1ado tras una discusi\u00f3n."},"content":{"rendered":"\n<h2 class=\"wp-block-heading\">Se trata de un hombre de 76 a\u00f1os, con domicilio en la ciudad de Corrientes y retirado de una fuerza nacional de seguridad. La v\u00edctima de 54 a\u00f1os recibi\u00f3 el disparo de un arma de grueso calibre en la pierna izquierda con orificio de salida en el gl\u00fateo.<br><\/h2>\n\n\n\n<p>Ambos discut\u00edan en la cantina del club Ferrocarril de la localidad entrerriana de Federal. El agresor de 76 a\u00f1os fue detenido. En tanto que la v\u00edctima debi\u00f3 ser trasladada al hospital Masvernat de Concordia.<\/p>\n\n\n\n<p>De acuerdo a lo informado, un llamado telef\u00f3nico alert\u00f3 a la polic\u00eda sobre una persona portando un arma de fuego y un hombre con heridas de arma.<\/p>\n\n\n\n<p>Tras el episodio, los uniformados lograron detener a un hombre de 76 a\u00f1os, quien portaba en su cintura una pistola de grueso calibre lista para disparar.<\/p>\n\n\n\n<p>En tanto, se supo que el herido es un hombre de 56 a\u00f1os, quien recibi\u00f3 un disparo en la pierna izquierda con orificio de salida en el gl\u00fateo. El lesionado fue trasladado en forma inmediata al hospital de la localidad de Federal.<\/p>\n\n\n\n<p>De acuerdo al portal Diario R\u00edo Uruguay, ambos ser\u00edan parientes y el hecho se habr\u00eda producido debido a una discusi\u00f3n en la cantina de dicho club.<\/p>\n\n\n\n<p>El autor tiene domicilio en Corrientes capital y ser\u00eda retirado de una fuerza de seguridad nacional, mientras que el herido se trata de su cu\u00f1ado, quien es oriundo de Concepci\u00f3n del Uruguay y realiza en Federal trabajos de construcci\u00f3n.<\/p>\n\n\n\n<p>Tras ser atendido en el nosocomio de esa localidad, el herido fue trasladado para estudios complementarios al hospital Delicia Concepci\u00f3n Masvernat de Concordia, con herida en regi\u00f3n suprap\u00fabica izquierda con orificio de salida en gl\u00fateo izquierdo.<\/p>\n\n\n\n<p>El autor permanece detenido en la Jefatura en principio por los delitos de \u201cAbuso de arma de fuego y lesiones\u201d, a disposici\u00f3n de la fiscal interviniente, consign\u00f3 Realidad Regional.<\/p>\n\n\n\n<p><\/p>\n","protected":false},"excerpt":{"rendered":"<p>Se trata de un hombre de 76 a\u00f1os, con domicilio en la ciudad de Corrientes y retirado de una fuerza nacional de seguridad. La v\u00edctima de 54 a\u00f1os recibi\u00f3 el&hellip; <\/p>\n","protected":false},"author":6,"featured_media":95392,"comment_status":"closed","ping_status":"open","sticky":false,"template":"","format":"standard","meta":{"footnotes":""},"categories":[33],"tags":[],"class_list":["post-95391","post","type-post","status-publish","format-standard","has-post-thumbnail","hentry","category-policiales"],"_links":{"self":[{"href":"https:\/\/corrientesdetarde.com\/index.php\/wp-json\/wp\/v2\/posts\/95391","targetHints":{"allow":["GET"]}}],"collection":[{"href":"https:\/\/corrientesdetarde.com\/index.php\/wp-json\/wp\/v2\/posts"}],"about":[{"href":"https:\/\/corrientesdetarde.com\/index.php\/wp-json\/wp\/v2\/types\/post"}],"author":[{"embeddable":true,"href":"https:\/\/corrientesdetarde.com\/index.php\/wp-json\/wp\/v2\/users\/6"}],"replies":[{"embeddable":true,"href":"https:\/\/corrientesdetarde.com\/index.php\/wp-json\/wp\/v2\/comments?post=95391"}],"version-history":[{"count":1,"href":"https:\/\/corrientesdetarde.com\/index.php\/wp-json\/wp\/v2\/posts\/95391\/revisions"}],"predecessor-version":[{"id":95393,"href":"https:\/\/corrientesdetarde.com\/index.php\/wp-json\/wp\/v2\/posts\/95391\/revisions\/95393"}],"wp:featuredmedia":[{"embeddable":true,"href":"https:\/\/corrientesdetarde.com\/index.php\/wp-json\/wp\/v2\/media\/95392"}],"wp:attachment":[{"href":"https:\/\/corrientesdetarde.com\/index.php\/wp-json\/wp\/v2\/media?parent=95391"}],"wp:term":[{"taxonomy":"category","embeddable":true,"href":"https:\/\/corrientesdetarde.com\/index.php\/wp-json\/wp\/v2\/categories?post=95391"},{"taxonomy":"post_tag","embeddable":true,"href":"https:\/\/corrientesdetarde.com\/index.php\/wp-json\/wp\/v2\/tags?post=95391"}],"curies":[{"name":"wp","href":"https:\/\/api.w.org\/{rel}","templated":true}]}}