{"id":95398,"date":"2023-10-15T19:40:55","date_gmt":"2023-10-15T22:40:55","guid":{"rendered":"https:\/\/corrientesdetarde.com\/?p=95398"},"modified":"2023-10-15T19:41:07","modified_gmt":"2023-10-15T22:41:07","slug":"boca-y-talleres-se-enfrentan-por-un-lugar-en-las-semifinales","status":"publish","type":"post","link":"https:\/\/corrientesdetarde.com\/index.php\/deportes\/boca-y-talleres-se-enfrentan-por-un-lugar-en-las-semifinales\/","title":{"rendered":"Boca y Talleres se enfrentan por un lugar en las semifinales."},"content":{"rendered":"\n<h2 class=\"wp-block-heading\">Por los cuartos de final de la Copa Argentina, el Xeneize y la T buscar\u00e1n un lugar para seguir en la pelea del t\u00edtulo nacional. El encuntro comenzar\u00e1 a partir de las 21:10 en el Malvinas Argentinas de Mendoza.<br><\/h2>\n\n\n\n<p>A partir de las 21:10, Boca y Talleres se enfrentar\u00e1n en Mendoza para conocer al \u00faltimo semifinalista de la Copa Argentina. El ganador se enfrentar\u00e1 a Estudiantes de La Plata que elimin\u00f3 a Hurac\u00e1n. Del otro lado de la llave aparecen Defensa y Justicia y San Lorenzo.<\/p>\n\n\n\n<p>Los de Almir\u00f3n tienen que seguir con chances, si sue\u00f1an con clasificar a la pr\u00f3xima Copa Libertadores, es que si bien aun tienen la final por delante, en la tabla general anual, se encuentran lejos. Talleres por su parte, se encuentra c\u00f3modo en la general y es casi un hecho que tendr\u00e1 su lugar en la pr\u00f3xima edici\u00f3n del certamen continental.<\/p>\n\n\n\n<p>En una prueba de fuego para Boca, Almir\u00f3n buscar\u00e1 armar el mejor equipo posible, sin contar los convocados por sus respectivas selecciones y lesionados para buscar el boleto a las semifinales.<\/p>\n\n\n\n<p><strong>Posibles formaciones:<\/strong><\/p>\n\n\n\n<p>Boca:&nbsp;Sergio Romero; Lucas Blondel, Nicol\u00e1s Figal, Marcos Rojo, Marcelo Saracchi; Cristian Medina, Ezequiel Fern\u00e1ndez, Pol Fern\u00e1ndez, Valent\u00edn Barco, Miguel Merentiel, Edinson Cavani. DT Jorge Almir\u00f3n.<\/p>\n\n\n\n<p>Talleres:&nbsp;Guido Herrera; Gast\u00f3n Benav\u00eddez, Kevin Mantilla, Lucas Su\u00e1rez, Juan Portillo; Ulises Ortegoza, Rodrigo Villagra; Nicol\u00e1s Vallejo, Rodrigo Garro, Valent\u00edn Depetri; Nahuel Bustos. DT Javier Gandolfi.<\/p>\n","protected":false},"excerpt":{"rendered":"<p>Por los cuartos de final de la Copa Argentina, el Xeneize y la T buscar\u00e1n un lugar para seguir en la pelea del t\u00edtulo nacional. El encuntro comenzar\u00e1 a partir&hellip; <\/p>\n","protected":false},"author":6,"featured_media":95399,"comment_status":"closed","ping_status":"open","sticky":false,"template":"","format":"standard","meta":{"footnotes":""},"categories":[4],"tags":[],"class_list":["post-95398","post","type-post","status-publish","format-standard","has-post-thumbnail","hentry","category-deportes"],"_links":{"self":[{"href":"https:\/\/corrientesdetarde.com\/index.php\/wp-json\/wp\/v2\/posts\/95398","targetHints":{"allow":["GET"]}}],"collection":[{"href":"https:\/\/corrientesdetarde.com\/index.php\/wp-json\/wp\/v2\/posts"}],"about":[{"href":"https:\/\/corrientesdetarde.com\/index.php\/wp-json\/wp\/v2\/types\/post"}],"author":[{"embeddable":true,"href":"https:\/\/corrientesdetarde.com\/index.php\/wp-json\/wp\/v2\/users\/6"}],"replies":[{"embeddable":true,"href":"https:\/\/corrientesdetarde.com\/index.php\/wp-json\/wp\/v2\/comments?post=95398"}],"version-history":[{"count":1,"href":"https:\/\/corrientesdetarde.com\/index.php\/wp-json\/wp\/v2\/posts\/95398\/revisions"}],"predecessor-version":[{"id":95400,"href":"https:\/\/corrientesdetarde.com\/index.php\/wp-json\/wp\/v2\/posts\/95398\/revisions\/95400"}],"wp:featuredmedia":[{"embeddable":true,"href":"https:\/\/corrientesdetarde.com\/index.php\/wp-json\/wp\/v2\/media\/95399"}],"wp:attachment":[{"href":"https:\/\/corrientesdetarde.com\/index.php\/wp-json\/wp\/v2\/media?parent=95398"}],"wp:term":[{"taxonomy":"category","embeddable":true,"href":"https:\/\/corrientesdetarde.com\/index.php\/wp-json\/wp\/v2\/categories?post=95398"},{"taxonomy":"post_tag","embeddable":true,"href":"https:\/\/corrientesdetarde.com\/index.php\/wp-json\/wp\/v2\/tags?post=95398"}],"curies":[{"name":"wp","href":"https:\/\/api.w.org\/{rel}","templated":true}]}}