{"id":95401,"date":"2023-10-15T19:48:37","date_gmt":"2023-10-15T22:48:37","guid":{"rendered":"https:\/\/corrientesdetarde.com\/?p=95401"},"modified":"2023-10-15T19:48:49","modified_gmt":"2023-10-15T22:48:49","slug":"detuvieron-a-dos-personas-con-mas-de-18-kilos-de-cocaina","status":"publish","type":"post","link":"https:\/\/corrientesdetarde.com\/index.php\/policiales\/detuvieron-a-dos-personas-con-mas-de-18-kilos-de-cocaina\/","title":{"rendered":"Detuvieron a dos personas con m\u00e1s de 18 kilos de coca\u00edna."},"content":{"rendered":"\n<h2 class=\"wp-block-heading\">Ambos viajaban desde la ciudad salte\u00f1a de Or\u00e1n con destino a la provincia de Corrientes con el cargamento oculto en la alfombra de su autom\u00f3vil. El procedimiento fue realizado por Gendarmer\u00eda en una ruta del norte del pa\u00eds.<\/h2>\n\n\n\n<p>Dos personas fueron detenidas con m\u00e1s de 18 kilos de coca\u00edna ocultos debajo de la alfombra del auto en el que se trasladaban por la provincia de Salta en un procedimiento realizado por Gendarmer\u00eda.<\/p>\n\n\n\n<p>El operativo fue realizado por efectivos de la Secci\u00f3n Joaqu\u00edn V. Gonz\u00e1lez del Escuadr\u00f3n 45 Salta de Gendarmer\u00eda, quienes se encontraban desplegados sobre el kil\u00f3metro 16 de la ruta provincial 30 de Salta realizando un control vial.<\/p>\n\n\n\n<p>En ese marco interceptaron el paso de un veh\u00edculo en el cual circulaban dos personas y que, seg\u00fan indicaron, hab\u00edan partido desde la ciudad salte\u00f1a de Or\u00e1n con destino la provincia de Corrientes, aunque no se especific\u00f3 a qu\u00e9 localidad se dirig\u00edan.<\/p>\n\n\n\n<p>Los gendarmes realizaron una inspecci\u00f3n del rodado y en ese marco pudieron observar que los tornillos que fijan los asientos no se encontraban ajustados, adem\u00e1s de notar que la alfombra que recubre el piso parec\u00eda estar deformada.<\/p>\n\n\n\n<p>Esos detalles motivaron a los gendarmes a realizar una requisa m\u00e1s profunda en presencia de testigos. As\u00ed, los uniformados retiraron la alfombra y detectaron diez paquetes rectangulares debajo de los asientos del conductor y del acompa\u00f1ante. Adem\u00e1s en la puerta del conductor se hall\u00f3 una bolsa peque\u00f1a de nylon y una bocha que conten\u00edan una sustancia blancuzca, s\u00edmil coca\u00edna.<\/p>\n\n\n\n<p>En ese marco empleados de Criminal\u00edstica y Estudios Forenses llevaron a cabo las pruebas de campo de rigor que arrojaron resultado positivo para coca\u00edna por un peso total de 18,809 kilos.<\/p>\n\n\n\n<p>Entonces la Unidad Fiscal Federal de Salta dispuso la detenci\u00f3n de ambos ocupantes como tambi\u00e9n el decomiso de la droga.<\/p>\n\n\n\n<p><\/p>\n","protected":false},"excerpt":{"rendered":"<p>Ambos viajaban desde la ciudad salte\u00f1a de Or\u00e1n con destino a la provincia de Corrientes con el cargamento oculto en la alfombra de su autom\u00f3vil. El procedimiento fue realizado por&hellip; <\/p>\n","protected":false},"author":6,"featured_media":95402,"comment_status":"closed","ping_status":"open","sticky":false,"template":"","format":"standard","meta":{"footnotes":""},"categories":[33],"tags":[],"class_list":["post-95401","post","type-post","status-publish","format-standard","has-post-thumbnail","hentry","category-policiales"],"_links":{"self":[{"href":"https:\/\/corrientesdetarde.com\/index.php\/wp-json\/wp\/v2\/posts\/95401","targetHints":{"allow":["GET"]}}],"collection":[{"href":"https:\/\/corrientesdetarde.com\/index.php\/wp-json\/wp\/v2\/posts"}],"about":[{"href":"https:\/\/corrientesdetarde.com\/index.php\/wp-json\/wp\/v2\/types\/post"}],"author":[{"embeddable":true,"href":"https:\/\/corrientesdetarde.com\/index.php\/wp-json\/wp\/v2\/users\/6"}],"replies":[{"embeddable":true,"href":"https:\/\/corrientesdetarde.com\/index.php\/wp-json\/wp\/v2\/comments?post=95401"}],"version-history":[{"count":1,"href":"https:\/\/corrientesdetarde.com\/index.php\/wp-json\/wp\/v2\/posts\/95401\/revisions"}],"predecessor-version":[{"id":95403,"href":"https:\/\/corrientesdetarde.com\/index.php\/wp-json\/wp\/v2\/posts\/95401\/revisions\/95403"}],"wp:featuredmedia":[{"embeddable":true,"href":"https:\/\/corrientesdetarde.com\/index.php\/wp-json\/wp\/v2\/media\/95402"}],"wp:attachment":[{"href":"https:\/\/corrientesdetarde.com\/index.php\/wp-json\/wp\/v2\/media?parent=95401"}],"wp:term":[{"taxonomy":"category","embeddable":true,"href":"https:\/\/corrientesdetarde.com\/index.php\/wp-json\/wp\/v2\/categories?post=95401"},{"taxonomy":"post_tag","embeddable":true,"href":"https:\/\/corrientesdetarde.com\/index.php\/wp-json\/wp\/v2\/tags?post=95401"}],"curies":[{"name":"wp","href":"https:\/\/api.w.org\/{rel}","templated":true}]}}