{"id":95473,"date":"2023-10-16T10:19:06","date_gmt":"2023-10-16T13:19:06","guid":{"rendered":"https:\/\/corrientesdetarde.com\/?p=95473"},"modified":"2023-10-16T10:19:18","modified_gmt":"2023-10-16T13:19:18","slug":"corrientes-presente-en-la-jornada-hacia-el-abordaje-integral-del-cancer-de-pulmon","status":"publish","type":"post","link":"https:\/\/corrientesdetarde.com\/index.php\/bienestar-y-salud\/corrientes-presente-en-la-jornada-hacia-el-abordaje-integral-del-cancer-de-pulmon\/","title":{"rendered":"Corrientes presente en la Jornada &#8220;Hacia el Abordaje Integral del C\u00e1ncer de Pulm\u00f3n&#8221;"},"content":{"rendered":"\n<p>Al evento, fueron invitados a participar los coordinadores de la Red de Detecci\u00f3n Temprana de C\u00e1ncer de Pulm\u00f3n del Ministerio de Salud P\u00fablica de la Provincia, doctores Alfredo Aquino y Luc\u00eda Cuper.<\/p>\n\n\n\n<p>Los coordinadores de la Red de Detecci\u00f3n Temprana de C\u00e1ncer de Pulm\u00f3n del Ministerio de Salud P\u00fablica de la Provincia, doctores Alfredo Aquino y Luc\u00eda Cuper, participaron de la Jornada &#8220;Hacia el Abordaje Integral del C\u00e1ncer de Pulm\u00f3n. Conversaciones entre la Ciencia, la Medicina y el Sistema de Salud&#8221;, que se realiz\u00f3 en Embajada de Reino Unido, en Buenos Aires. Los especialistas correntinos fueron invitados por la embajadora Kirsty Hayes.<\/p>\n\n\n\n<p>En ese \u00e1mbito, la doctora Cuper disert\u00f3 en la Mesa 2: &#8220;La experiencia en Argentina&#8221;.<\/p>\n\n\n\n<p>&#8220;La importancia de esta jornada, es poder discutir mejores propuestas para mejorar la prevenci\u00f3n del c\u00e1ncer de pulm\u00f3n. Fue un evento relevante en este sentido con equipos que cuentan con mayor experiencia&#8221;, dijo el doctor Alfredo Aquino, tras la jornada.&nbsp;<\/p>\n\n\n\n<p>El c\u00e1ncer de pulm\u00f3n es el tercer c\u00e1ncer m\u00e1s frecuente en el pa\u00eds, con unos 12.000 nuevos casos detectados por a\u00f1o, de acuerdo con datos a 2020 que informa el Instituto Nacional del C\u00e1ncer (INC).<\/p>\n\n\n\n<p>Todos los profesionales que participaron del encuentro coincidieron al recordar que los tratamientos son m\u00e1s efectivos cuanto antes se empiecen a usar en el curso de la enfermedad<\/p>\n\n\n\n<p>En su disertaci\u00f3n, Cuper dijo que un 80% de los pacientes diagnosticados est\u00e1n en una etapa avanzada de la enfermedad (estadios III y IV) al momento de indicar el tratamiento quir\u00fargico.<\/p>\n\n\n\n<p>Corrientes cuenta con la Red de Detecci\u00f3n Temprana de C\u00e1ncer de Pulm\u00f3n, una iniciativa de la Provincia para disminuir la mortalidad de pacientes con esta afecci\u00f3n. Se conform\u00f3 con el fin de implementar un programa con los recursos disponibles para disminuir la mortalidad y aumentar la supervivencia en la poblaci\u00f3n de riesgo.<\/p>\n\n\n\n<p>El objetivo se centra en la detecci\u00f3n temprana, comprendiendo la atenci\u00f3n integral, especializada y de referencia a pacientes de toda la provincia, garantizando la accesibilidad a las consultas y estudios correspondientes, para posibilitar un diagn\u00f3stico temprano, con la consecuente disminuci\u00f3n de la mortalidad.<\/p>\n","protected":false},"excerpt":{"rendered":"<p>Al evento, fueron invitados a participar los coordinadores de la Red de Detecci\u00f3n Temprana de C\u00e1ncer de Pulm\u00f3n del Ministerio de Salud P\u00fablica de la Provincia, doctores Alfredo Aquino y&hellip; <\/p>\n","protected":false},"author":3,"featured_media":95474,"comment_status":"closed","ping_status":"open","sticky":false,"template":"","format":"standard","meta":{"footnotes":""},"categories":[16],"tags":[],"class_list":["post-95473","post","type-post","status-publish","format-standard","has-post-thumbnail","hentry","category-bienestar-y-salud"],"_links":{"self":[{"href":"https:\/\/corrientesdetarde.com\/index.php\/wp-json\/wp\/v2\/posts\/95473","targetHints":{"allow":["GET"]}}],"collection":[{"href":"https:\/\/corrientesdetarde.com\/index.php\/wp-json\/wp\/v2\/posts"}],"about":[{"href":"https:\/\/corrientesdetarde.com\/index.php\/wp-json\/wp\/v2\/types\/post"}],"author":[{"embeddable":true,"href":"https:\/\/corrientesdetarde.com\/index.php\/wp-json\/wp\/v2\/users\/3"}],"replies":[{"embeddable":true,"href":"https:\/\/corrientesdetarde.com\/index.php\/wp-json\/wp\/v2\/comments?post=95473"}],"version-history":[{"count":1,"href":"https:\/\/corrientesdetarde.com\/index.php\/wp-json\/wp\/v2\/posts\/95473\/revisions"}],"predecessor-version":[{"id":95475,"href":"https:\/\/corrientesdetarde.com\/index.php\/wp-json\/wp\/v2\/posts\/95473\/revisions\/95475"}],"wp:featuredmedia":[{"embeddable":true,"href":"https:\/\/corrientesdetarde.com\/index.php\/wp-json\/wp\/v2\/media\/95474"}],"wp:attachment":[{"href":"https:\/\/corrientesdetarde.com\/index.php\/wp-json\/wp\/v2\/media?parent=95473"}],"wp:term":[{"taxonomy":"category","embeddable":true,"href":"https:\/\/corrientesdetarde.com\/index.php\/wp-json\/wp\/v2\/categories?post=95473"},{"taxonomy":"post_tag","embeddable":true,"href":"https:\/\/corrientesdetarde.com\/index.php\/wp-json\/wp\/v2\/tags?post=95473"}],"curies":[{"name":"wp","href":"https:\/\/api.w.org\/{rel}","templated":true}]}}