{"id":95537,"date":"2023-10-16T20:38:36","date_gmt":"2023-10-16T23:38:36","guid":{"rendered":"https:\/\/corrientesdetarde.com\/?p=95537"},"modified":"2023-10-16T20:38:39","modified_gmt":"2023-10-16T23:38:39","slug":"javier-milei-en-lomas-de-zamora","status":"publish","type":"post","link":"https:\/\/corrientesdetarde.com\/index.php\/politica\/javier-milei-en-lomas-de-zamora\/","title":{"rendered":"Javier Milei en Lomas de Zamora."},"content":{"rendered":"\n<h2 class=\"wp-block-heading\">El candidato a presidente se mostr\u00f3 con Carolina P\u00edparo, sin discursos; al caer la tarde repiti\u00f3 la f\u00f3rmula en Moreno, acompa\u00f1ado tambi\u00e9n por Ramiro Marra.<\/h2>\n\n\n\n<p><strong>Sin discurso<\/strong>, pero rodado por miles de militantes y por la parafernalia libertaria.\u00a0<strong>Javier Milei se mostr\u00f3 este lunes en Lomas de Zamora<\/strong>, ojo del hurac\u00e1n Insaurralde que conmovi\u00f3 al peronismo bonaerense en las \u00faltimas semanas. El candidato presidencial de\u00a0<strong>La Libertad Avanz<\/strong>a se mantuvo dentro de los m\u00e1rgenes de su manual proselitista: se mostr\u00f3 con\u00a0<strong>Carolina P\u00edparo<\/strong>, no habl\u00f3 ante sus fieles, con los que solo core\u00f3 sus canciones, firm\u00f3 libros y levant\u00f3 lo que le acercaron: desde una mascota a una motosierra hasta la bandera de Israel.<br><\/p>\n\n\n\n<p>Milei arrib\u00f3 pasadas las 14 a la Plaza Grigera, en el centro de Lomas de Zamora. Descendi\u00f3 de un veh\u00edculo negro para caminar unos pasos hasta la caja de una camioneta negra, junto a su candidata a gobernadora bonaerense y dirigentes locales. Las formas fueron el contenido de la escena: agitando los brazos, Milei core\u00f3 con los militantes que \u201cla casta tiene miedo\u201d, \u201cque se vayan todos\u201d, \u201cse siente, Milei presidente\u201d y \u201cponga huevo, Milei ponga huevo\u201d. Cuando los c\u00e1nticos variaron en\u00a0<strong>insultos hacia Sergio Massa<\/strong>, su rival de Uni\u00f3n por la Patria, el economista se desentendi\u00f3 de la melod\u00eda y volvi\u00f3 a la firma de libros.<\/p>\n\n\n\n<p>Con la camioneta movi\u00e9ndose de a cent\u00edmetros,\u00a0<mark>Milei firm\u00f3 libros, acarici\u00f3 un perro que le acercaron no sin complicaciones e hizo flamear por unos segundos la bandera de Israel que le pas\u00f3 un militante<\/mark>. El libertario ya anticip\u00f3 que, si resulta Presidente, trasladar\u00e1 la Embajada argentina en Israel a Jerusal\u00e9n, como decidi\u00f3 en su momento la administraci\u00f3n Trump. Un militante disfrazado como\u00a0<strong>El Zorro<\/strong>, pero con una remera amarilla, complet\u00f3 el cotill\u00f3n de im\u00e1genes con destino en las redes sociales de La Libertad Avanza.<\/p>\n\n\n\n<p>El desembarco en Lomas de Zamora, se da en medio de los coletazos por el affaire que protagoniz\u00f3 su intendente (en uso de licencia)&nbsp;<strong>Mart\u00edn Insaurralde<\/strong>, fotografiado d\u00edas atr\u00e1s en un yate en Marbella junto a la modelo Sof\u00eda Clerici. En la caravana no hubo alusiones al exjefe de Gabinete Axel Kicillof, como busc\u00f3 provocar Juntos por el Cambio este fin de semana, cuando hizo desfilar por el municipio un yate aleg\u00f3rico, con militantes que personificaron a Insaurralde y Clerici.<\/p>\n\n\n\n<p>Insaurralde se convirti\u00f3 en una mancha venenosa tambi\u00e9n para la oposici\u00f3n, que en la previa hizo circular un fragmento de la entrevista que Milei dio el lunes pasado en Radio Mitre. El libertario apunt\u00f3 contra\u00a0<strong>Guillermo Vi\u00f1uales<\/strong>, candidato a intendente de Lomas de Zamora por Juntos por el Cambio, para recordar que fue durante a\u00f1os el jefe de Gabinete de Insaurralde. Cuando Eduardo Feinman le se\u00f1al\u00f3 que tambi\u00e9n el postulante de La Libertad Avanza es o fue cercano al exmarido de Jesica Cirio, Milei asinti\u00f3, pero busc\u00f3 marcar distancia con la elecci\u00f3n de<strong>\u00a0Antonio Volponi\u00a0<\/strong>como postulante:\u00a0<strong>\u201cPuede ser, digamos, de vuelta, hay divisi\u00f3n del trabajo\u201d<\/strong>.<\/p>\n\n\n\n<p>Unos 35 minutos despu\u00e9s de iniciar, y a pocos metros de la Plaza Grigera, Milei descendi\u00f3 de la camioneta y parti\u00f3 hacia Moreno, repiti\u00f3 la f\u00f3rmula para apuntalar a P\u00edparo en la pelea contra Axel Kicillof y N\u00e9stor Grindetti.<\/p>\n\n\n\n<p>A la caravana en Moreno se sum\u00f3 el candidato de La Libertad Avanza a jefe de gobierno porte\u00f1o,\u00a0<strong>Ramiro Marra<\/strong>, adem\u00e1s de Andrea Vera, candidata a intendenta local, y su padre, Ram\u00f3n Vera, postulante a la C\u00e1mara de Diputados.<\/p>\n\n\n\n<p><\/p>\n","protected":false},"excerpt":{"rendered":"<p>El candidato a presidente se mostr\u00f3 con Carolina P\u00edparo, sin discursos; al caer la tarde repiti\u00f3 la f\u00f3rmula en Moreno, acompa\u00f1ado tambi\u00e9n por Ramiro Marra. Sin discurso, pero rodado por&hellip; <\/p>\n","protected":false},"author":6,"featured_media":95538,"comment_status":"closed","ping_status":"open","sticky":false,"template":"","format":"standard","meta":{"footnotes":""},"categories":[3],"tags":[],"class_list":["post-95537","post","type-post","status-publish","format-standard","has-post-thumbnail","hentry","category-politica"],"_links":{"self":[{"href":"https:\/\/corrientesdetarde.com\/index.php\/wp-json\/wp\/v2\/posts\/95537","targetHints":{"allow":["GET"]}}],"collection":[{"href":"https:\/\/corrientesdetarde.com\/index.php\/wp-json\/wp\/v2\/posts"}],"about":[{"href":"https:\/\/corrientesdetarde.com\/index.php\/wp-json\/wp\/v2\/types\/post"}],"author":[{"embeddable":true,"href":"https:\/\/corrientesdetarde.com\/index.php\/wp-json\/wp\/v2\/users\/6"}],"replies":[{"embeddable":true,"href":"https:\/\/corrientesdetarde.com\/index.php\/wp-json\/wp\/v2\/comments?post=95537"}],"version-history":[{"count":1,"href":"https:\/\/corrientesdetarde.com\/index.php\/wp-json\/wp\/v2\/posts\/95537\/revisions"}],"predecessor-version":[{"id":95539,"href":"https:\/\/corrientesdetarde.com\/index.php\/wp-json\/wp\/v2\/posts\/95537\/revisions\/95539"}],"wp:featuredmedia":[{"embeddable":true,"href":"https:\/\/corrientesdetarde.com\/index.php\/wp-json\/wp\/v2\/media\/95538"}],"wp:attachment":[{"href":"https:\/\/corrientesdetarde.com\/index.php\/wp-json\/wp\/v2\/media?parent=95537"}],"wp:term":[{"taxonomy":"category","embeddable":true,"href":"https:\/\/corrientesdetarde.com\/index.php\/wp-json\/wp\/v2\/categories?post=95537"},{"taxonomy":"post_tag","embeddable":true,"href":"https:\/\/corrientesdetarde.com\/index.php\/wp-json\/wp\/v2\/tags?post=95537"}],"curies":[{"name":"wp","href":"https:\/\/api.w.org\/{rel}","templated":true}]}}