{"id":95560,"date":"2023-10-17T08:39:11","date_gmt":"2023-10-17T11:39:11","guid":{"rendered":"https:\/\/corrientesdetarde.com\/?p=95560"},"modified":"2023-10-17T08:39:16","modified_gmt":"2023-10-17T11:39:16","slug":"corrientes-registro-2-casos-nuevos-de-coronavirus-6","status":"publish","type":"post","link":"https:\/\/corrientesdetarde.com\/index.php\/bienestar-y-salud\/corrientes-registro-2-casos-nuevos-de-coronavirus-6\/","title":{"rendered":"Corrientes registr\u00f3 2 casos nuevos de Coronavirus"},"content":{"rendered":"\n<p>El informe epidemiol\u00f3gico de la provincia de Corrientes registr\u00f3 2 casos nuevos de Coronavirus de capital, al haberse analizado 133 muestras en toda la provincia.&nbsp;&nbsp;<\/p>\n\n\n\n<p>La cifra de casos activos se actualiza a 11 y los acumulados en 198.197 en todo el territorio provincial, al 16 de octubre de 2023, con 2.129.146 testeos realizados desde que inici\u00f3 la pandemia y 196.209 recuperados; mientras que son 2.179 los fallecidos acumulados.<\/p>\n\n\n\n<p>Hospital de Campa\u00f1a<\/p>\n\n\n\n<p>Desde el Hospital de Campa\u00f1a \u201cEscuela Hogar\u201d detallaron que a la fecha (16 de octubre), hay 7 pacientes internados con resultado positivo para Covid-19, 6 en Cl\u00ednica General, cl\u00ednicamente estable y 1 en la Unidad de Terapia Intensiva con pron\u00f3stico reservado.&nbsp;<\/p>\n\n\n\n<p>Est\u00e1 ocupado el 0.33% de los respiradores.<\/p>\n","protected":false},"excerpt":{"rendered":"<p>El informe epidemiol\u00f3gico de la provincia de Corrientes registr\u00f3 2 casos nuevos de Coronavirus de capital, al haberse analizado 133 muestras en toda la provincia.&nbsp;&nbsp; La cifra de casos activos&hellip; <\/p>\n","protected":false},"author":12,"featured_media":95565,"comment_status":"closed","ping_status":"open","sticky":false,"template":"","format":"standard","meta":{"footnotes":""},"categories":[16],"tags":[],"class_list":["post-95560","post","type-post","status-publish","format-standard","has-post-thumbnail","hentry","category-bienestar-y-salud"],"_links":{"self":[{"href":"https:\/\/corrientesdetarde.com\/index.php\/wp-json\/wp\/v2\/posts\/95560","targetHints":{"allow":["GET"]}}],"collection":[{"href":"https:\/\/corrientesdetarde.com\/index.php\/wp-json\/wp\/v2\/posts"}],"about":[{"href":"https:\/\/corrientesdetarde.com\/index.php\/wp-json\/wp\/v2\/types\/post"}],"author":[{"embeddable":true,"href":"https:\/\/corrientesdetarde.com\/index.php\/wp-json\/wp\/v2\/users\/12"}],"replies":[{"embeddable":true,"href":"https:\/\/corrientesdetarde.com\/index.php\/wp-json\/wp\/v2\/comments?post=95560"}],"version-history":[{"count":1,"href":"https:\/\/corrientesdetarde.com\/index.php\/wp-json\/wp\/v2\/posts\/95560\/revisions"}],"predecessor-version":[{"id":95566,"href":"https:\/\/corrientesdetarde.com\/index.php\/wp-json\/wp\/v2\/posts\/95560\/revisions\/95566"}],"wp:featuredmedia":[{"embeddable":true,"href":"https:\/\/corrientesdetarde.com\/index.php\/wp-json\/wp\/v2\/media\/95565"}],"wp:attachment":[{"href":"https:\/\/corrientesdetarde.com\/index.php\/wp-json\/wp\/v2\/media?parent=95560"}],"wp:term":[{"taxonomy":"category","embeddable":true,"href":"https:\/\/corrientesdetarde.com\/index.php\/wp-json\/wp\/v2\/categories?post=95560"},{"taxonomy":"post_tag","embeddable":true,"href":"https:\/\/corrientesdetarde.com\/index.php\/wp-json\/wp\/v2\/tags?post=95560"}],"curies":[{"name":"wp","href":"https:\/\/api.w.org\/{rel}","templated":true}]}}