{"id":95562,"date":"2023-10-17T08:55:08","date_gmt":"2023-10-17T11:55:08","guid":{"rendered":"https:\/\/corrientesdetarde.com\/?p=95562"},"modified":"2023-10-17T08:55:19","modified_gmt":"2023-10-17T11:55:19","slug":"exitoso-fin-de-semana-largo-en-corrientes","status":"publish","type":"post","link":"https:\/\/corrientesdetarde.com\/index.php\/informacion-general\/exitoso-fin-de-semana-largo-en-corrientes\/","title":{"rendered":"Exitoso fin de semana largo en Corrientes"},"content":{"rendered":"\n<p>Con motivo&nbsp;de&nbsp;la celebraci\u00f3n del D\u00eda del Respeto a la Diversidad Cultural, \u00e9ste fin de semana largo se brind\u00f3 a los argentinos la oportunidad&nbsp;de&nbsp;disfrutar&nbsp;de&nbsp;cuatro d\u00edas&nbsp;de&nbsp;descanso en todo el territorio nacional.<\/p>\n\n\n\n<p>Es as\u00ed que seg\u00fan el informe del Observatorio Tur\u00edstico dependiente del Ministerio&nbsp;de&nbsp;Turismo, la provincia de Corrientes fue uno de&nbsp;los destinos m\u00e1s elegidos del Litoral. El promedio de ocupaci\u00f3n provincial fue del 96% con una estad\u00eda promedio de 3 noches de alojamiento.<\/p>\n\n\n\n<p>En tal sentido los corredores y microrregiones que han atra\u00eddo la atenci\u00f3n de los visitantes, fueron: Regi\u00f3n Esteros del Iber\u00e1 encabezando la lista con un 95% de reservas, seguido de Solar de las huellas (89%);&nbsp; Paran\u00e1 Sur (88%), Alto Paran\u00e1 (84%), Gran Corrientes (81%), Jesu\u00edtico Guaran\u00ed (76%), Sur Correntino (65%).<\/p>\n\n\n\n<p>Cabe destacar que tuvo su epicentro en la ciudad&nbsp;de Corrientes capital e Ituzaing\u00f3; con otros puntos&nbsp;de&nbsp;inter\u00e9s en Colonia Carlos Pellegrini, Concepci\u00f3n del Yaguaret\u00e9 Cor\u00e1, Gobernador Virasoro, Goya, Paso de la Patria y San Miguel.<\/p>\n\n\n\n<p>Vale mencionar que estas localidades ofrecieron una gran variedad&nbsp;de&nbsp;actividades recreativas para disfrutar con amigos y familia. Asimismo los productos tur\u00edsticos elegidos por turistas y visitantes fueron Ecoturismo, pesca deportiva, historia y cultura, entre otros.<\/p>\n","protected":false},"excerpt":{"rendered":"<p>Con motivo&nbsp;de&nbsp;la celebraci\u00f3n del D\u00eda del Respeto a la Diversidad Cultural, \u00e9ste fin de semana largo se brind\u00f3 a los argentinos la oportunidad&nbsp;de&nbsp;disfrutar&nbsp;de&nbsp;cuatro d\u00edas&nbsp;de&nbsp;descanso en todo el territorio nacional. Es&hellip; <\/p>\n","protected":false},"author":12,"featured_media":95580,"comment_status":"closed","ping_status":"open","sticky":false,"template":"","format":"standard","meta":{"footnotes":""},"categories":[1],"tags":[],"class_list":["post-95562","post","type-post","status-publish","format-standard","has-post-thumbnail","hentry","category-informacion-general"],"_links":{"self":[{"href":"https:\/\/corrientesdetarde.com\/index.php\/wp-json\/wp\/v2\/posts\/95562","targetHints":{"allow":["GET"]}}],"collection":[{"href":"https:\/\/corrientesdetarde.com\/index.php\/wp-json\/wp\/v2\/posts"}],"about":[{"href":"https:\/\/corrientesdetarde.com\/index.php\/wp-json\/wp\/v2\/types\/post"}],"author":[{"embeddable":true,"href":"https:\/\/corrientesdetarde.com\/index.php\/wp-json\/wp\/v2\/users\/12"}],"replies":[{"embeddable":true,"href":"https:\/\/corrientesdetarde.com\/index.php\/wp-json\/wp\/v2\/comments?post=95562"}],"version-history":[{"count":1,"href":"https:\/\/corrientesdetarde.com\/index.php\/wp-json\/wp\/v2\/posts\/95562\/revisions"}],"predecessor-version":[{"id":95581,"href":"https:\/\/corrientesdetarde.com\/index.php\/wp-json\/wp\/v2\/posts\/95562\/revisions\/95581"}],"wp:featuredmedia":[{"embeddable":true,"href":"https:\/\/corrientesdetarde.com\/index.php\/wp-json\/wp\/v2\/media\/95580"}],"wp:attachment":[{"href":"https:\/\/corrientesdetarde.com\/index.php\/wp-json\/wp\/v2\/media?parent=95562"}],"wp:term":[{"taxonomy":"category","embeddable":true,"href":"https:\/\/corrientesdetarde.com\/index.php\/wp-json\/wp\/v2\/categories?post=95562"},{"taxonomy":"post_tag","embeddable":true,"href":"https:\/\/corrientesdetarde.com\/index.php\/wp-json\/wp\/v2\/tags?post=95562"}],"curies":[{"name":"wp","href":"https:\/\/api.w.org\/{rel}","templated":true}]}}