{"id":95564,"date":"2023-10-17T09:47:42","date_gmt":"2023-10-17T12:47:42","guid":{"rendered":"https:\/\/corrientesdetarde.com\/?p=95564"},"modified":"2023-10-17T09:47:46","modified_gmt":"2023-10-17T12:47:46","slug":"un-boxeador-amateur-murio-tras-recibir-un-brutal-golpe-en-una-pelea-por-una-bolsa-de-20-mil-pesos","status":"publish","type":"post","link":"https:\/\/corrientesdetarde.com\/index.php\/deportes\/un-boxeador-amateur-murio-tras-recibir-un-brutal-golpe-en-una-pelea-por-una-bolsa-de-20-mil-pesos\/","title":{"rendered":"Un boxeador amateur muri\u00f3 tras recibir un brutal golpe en una pelea por una bolsa de 20 mil pesos"},"content":{"rendered":"\n<p><strong>Joao Victor Penha<\/strong>, un joven\u00a0boxeador amateur, falleci\u00f3 tres d\u00edas despu\u00e9s de recibir un brutal golpe en la cara durante una pelea que se disput\u00f3 en\u00a0<strong>Jijoca de Jericoacoara<\/strong>, en\u00a0<strong>Brasil,\u00a0<\/strong>en un combate en el que el ganador se llevaba\u00a0<strong>20 mil pesos<\/strong>\u00a0y el perdedor\u00a0<strong>diez mil<\/strong>.<\/p>\n\n\n\n<p>Antes de la pelea, la familia del joven de 23 a\u00f1os le pidi\u00f3 que no peleara. Y, ahora, su hermano lamenta su muerte. \u201cDesafortunadamente, la vida de mi hermano se perdi\u00f3 por 19 d\u00f3lares\u201d. A pesar de que el boxeador fue&nbsp;<strong>atendido&nbsp;<\/strong>de inmediato por los&nbsp;<strong>servicios m\u00e9dicos&nbsp;<\/strong>y que incluso recuper\u00f3 el conocimiento,&nbsp;<strong>su estado empeor\u00f3<\/strong>&nbsp;y tuvo que ser trasladado de urgencia al hospital, donde falleci\u00f3 a causa de un&nbsp;<strong>traumatismo craneoencef\u00e1lico<\/strong>.<\/p>\n\n\n\n<p>El brutal golpe que recibi\u00f3 el joven de 23 a\u00f1os en un combate disputado en Jijoca de Jericoacoara, en Brasil.<\/p>\n\n\n\n<h2 class=\"wp-block-heading\">Joao Victor Penha qued\u00f3 KO a los 90 segundos tras un tremendo pu\u00f1etazo en la cara<\/h2>\n\n\n\n<p>A los 90 segundos de iniciarse el combate,&nbsp;<strong>Joao Victor Penha<\/strong>&nbsp;recibi\u00f3 un golpe directo en la cara que lo dej\u00f3 nocaut y que le provoc\u00f3 la muerte. El joven boxeador fue atendido inmediatamente, recuper\u00f3 el conocimiento, pero poco despu\u00e9s empeor\u00f3 y tuvo que ser trasladado de urgencia a un hospital cercano.<\/p>\n\n\n\n<p>El devastador pu\u00f1etazo le produjo un&nbsp;<strong>traumatismo craneoencef\u00e1lico<\/strong>&nbsp;que finalmente le produjo la muerte. Despu\u00e9s de realizar los ex\u00e1menes, el paciente fue declarado con muerte cerebral, lo que tambi\u00e9n le provoc\u00f3 un paro card\u00edaco. La polic\u00eda local investiga las causas de la muerte del boxeador brasile\u00f1o.<\/p>\n\n\n\n<h2 class=\"wp-block-heading\">Qui\u00e9n era Joao Victor Penha<\/h2>\n\n\n\n<p>M\u00e1s all\u00e1 de su pasi\u00f3n por el boxeo,&nbsp;<strong>Joao Victor<\/strong>&nbsp;era el responsable de recursos humanos en un hotel en el noreste de Brasil, y viv\u00eda en Jijoca de Jericoacoara con su familia.<\/p>\n\n\n\n<h2 class=\"wp-block-heading\">Que dijo la familia de Joao Victor Penha antes de la pelea<\/h2>\n\n\n\n<p>\u201cEstas peleas son un absoluto absurdo. Ni siquiera s\u00e9 qu\u00e9 decir, especialmente despu\u00e9s de la tragedia con mi hermano. No quer\u00edamos que participara. Todos est\u00e1bamos muy preocupados; mi madre le pidi\u00f3 que no peleara, intuyendo que pod\u00eda pasar algo m\u00e1s grave. Hablamos con \u00e9l, pero nos pidi\u00f3 apoyo y entonces no tuvimos otra opci\u00f3n\u201d declar\u00f3 su hermana a los medios locales.<\/p>\n\n\n\n<h2 class=\"wp-block-heading\">Que es un traumatismo craneoencef\u00e1lico<\/h2>\n\n\n\n<p>El&nbsp;<strong>traumatismo craneoencef\u00e1lico<\/strong>&nbsp;es la causa m\u00e1s frecuente de da\u00f1o cerebral y es una lesi\u00f3n cerebral de origen traum\u00e1tico. Implica una afectaci\u00f3n en enc\u00e9falo a causa de un traumatismo en el cr\u00e1neo. El&nbsp;<strong>enc\u00e9falo<\/strong>, que junto con la m\u00e9dula espinal forma el Sistema Nervioso Central, est\u00e1 protegido por el cr\u00e1neo y comprende el cerebro, el cerebelo y el bulbo raqu\u00eddeo.<\/p>\n\n\n\n<p>El&nbsp;<strong>cerebro<\/strong>&nbsp;es la estructura m\u00e1s compleja del organismo humano y el principal centro nervioso; sus diferentes \u00e1reas son las principales responsables del movimiento, las sensaciones y percepciones, las emociones y la conducta, y en \u00e9l, se llevan a cabo las funciones mentales superiores.<\/p>\n","protected":false},"excerpt":{"rendered":"<p>Joao Victor Penha, un joven\u00a0boxeador amateur, falleci\u00f3 tres d\u00edas despu\u00e9s de recibir un brutal golpe en la cara durante una pelea que se disput\u00f3 en\u00a0Jijoca de Jericoacoara, en\u00a0Brasil,\u00a0en un combate&hellip; <\/p>\n","protected":false},"author":12,"featured_media":95599,"comment_status":"closed","ping_status":"open","sticky":false,"template":"","format":"standard","meta":{"footnotes":""},"categories":[4],"tags":[],"class_list":["post-95564","post","type-post","status-publish","format-standard","has-post-thumbnail","hentry","category-deportes"],"_links":{"self":[{"href":"https:\/\/corrientesdetarde.com\/index.php\/wp-json\/wp\/v2\/posts\/95564","targetHints":{"allow":["GET"]}}],"collection":[{"href":"https:\/\/corrientesdetarde.com\/index.php\/wp-json\/wp\/v2\/posts"}],"about":[{"href":"https:\/\/corrientesdetarde.com\/index.php\/wp-json\/wp\/v2\/types\/post"}],"author":[{"embeddable":true,"href":"https:\/\/corrientesdetarde.com\/index.php\/wp-json\/wp\/v2\/users\/12"}],"replies":[{"embeddable":true,"href":"https:\/\/corrientesdetarde.com\/index.php\/wp-json\/wp\/v2\/comments?post=95564"}],"version-history":[{"count":1,"href":"https:\/\/corrientesdetarde.com\/index.php\/wp-json\/wp\/v2\/posts\/95564\/revisions"}],"predecessor-version":[{"id":95600,"href":"https:\/\/corrientesdetarde.com\/index.php\/wp-json\/wp\/v2\/posts\/95564\/revisions\/95600"}],"wp:featuredmedia":[{"embeddable":true,"href":"https:\/\/corrientesdetarde.com\/index.php\/wp-json\/wp\/v2\/media\/95599"}],"wp:attachment":[{"href":"https:\/\/corrientesdetarde.com\/index.php\/wp-json\/wp\/v2\/media?parent=95564"}],"wp:term":[{"taxonomy":"category","embeddable":true,"href":"https:\/\/corrientesdetarde.com\/index.php\/wp-json\/wp\/v2\/categories?post=95564"},{"taxonomy":"post_tag","embeddable":true,"href":"https:\/\/corrientesdetarde.com\/index.php\/wp-json\/wp\/v2\/tags?post=95564"}],"curies":[{"name":"wp","href":"https:\/\/api.w.org\/{rel}","templated":true}]}}