{"id":95591,"date":"2023-10-17T09:45:43","date_gmt":"2023-10-17T12:45:43","guid":{"rendered":"https:\/\/corrientesdetarde.com\/?p=95591"},"modified":"2023-10-17T09:45:55","modified_gmt":"2023-10-17T12:45:55","slug":"se-aceleran-los-juicios-a-cristina-kirchner-por-hotesur-los-sauces-y-el-memorandum-con-iran","status":"publish","type":"post","link":"https:\/\/corrientesdetarde.com\/index.php\/politica\/se-aceleran-los-juicios-a-cristina-kirchner-por-hotesur-los-sauces-y-el-memorandum-con-iran\/","title":{"rendered":"Se aceleran los juicios a Cristina Kirchner por Hotesur-Los Sauces y el Memor\u00e1ndum con Ir\u00e1n"},"content":{"rendered":"\n<p>Se aceleran los tiempos para la realizaci\u00f3n de dos\u00a0<strong>juicios\u00a0<\/strong>que involucran a la vicepresidenta,\u00a0<strong>Cristina Kirchner,<\/strong>\u00a0por lavado de dinero a partir de las causas\u00a0<strong>Hotesur &#8211; Los Sauces<\/strong>\u00a0y la denuncia que el fiscal\u00a0<strong>Alberto Nisman<\/strong>\u00a0por presunto\u00a0<strong>encubrimiento\u00a0<\/strong>a los iran\u00edes acusados por el atentado a la AMIA, a partir del Memor\u00e1ndum con Ir\u00e1n.<\/p>\n\n\n\n<p>El jueves se sortean los nombres de los jueces que estar\u00e1n a cargo de estos dos procesos, mientras que se definieron los magistrados de la C\u00e1mara de Casaci\u00f3n que decidir\u00e1n sobre las apelaciones de la Vicepresidenta, que pidi\u00f3 la\u00a0nulidad\u00a0de estas causas.<\/p>\n\n\n\n<p>Casaci\u00f3n tom\u00f3 decisiones en medio de la tensa situaci\u00f3n entre el Gobierno y la Justicia por el caso de\u00a0<strong>Ana Mar\u00eda Figueroa,<\/strong>\u00a0a la que la Corte Suprema le orden\u00f3 que deje su cargo tras cumplir\u00a0<strong>los 75 a\u00f1os de edad,<\/strong>\u00a0l\u00edmite de edad que fija la Constituci\u00f3n Nacional para el cese en las funciones de los jueces, pero cuyo\u00a0pliego\u00a0luego fue aprobado por el kirchnerismo en el Senado y posteriormente firmado por el presidente,\u00a0<strong>Alberto Fern\u00e1ndez.<\/strong><\/p>\n\n\n\n<p>Figueroa era parte de la sala de Casaci\u00f3n que deb\u00eda tomar decisiones sobre la causas Hotesur &#8211; Los Sauces y el memor\u00e1ndum con Ir\u00e1n, junto a&nbsp;<strong>Diego Barroetave\u00f1a<\/strong>&nbsp;y<strong>&nbsp;Daniel Petrone.<\/strong>&nbsp;Tras la decisi\u00f3n de la Corte los camaristas decidieron reabrir las causas y realizar el juicio oral y p\u00fablico.<\/p>\n\n\n\n<p>Barroetave\u00f1a y Petrone, junto con<strong>&nbsp;Carlos Mahiques,&nbsp;<\/strong>que intervino en lugar de Figueroa, resolvieron \u201crechazar in limine el planteo de recusaci\u00f3n efectuado por la defensa\u201d, a trav\u00e9s del procurador del Tesoro,&nbsp;<strong>Carlos Zannini,<\/strong>&nbsp;en el caso del Memor\u00e1ndum con Ir\u00e1n. Esta medida dej\u00f3 integrada la sala para que defina sobre el recurso extraordinario de la Vicepresidenta para llegar a la Corte. En el caso de que sea rechazada la defensa podr\u00e1 presentar un recurso de queja para llegar al m\u00e1ximo tribunal. En el caso de Hotesur &#8211; Los Sauces la sala qued\u00f3 integrada por Barroetave\u00f1a, Petrone y Javier Carbajo.<\/p>\n\n\n\n<h2 class=\"wp-block-heading\">Qui\u00e9nes son los jueces que fueron apartados de las causas que involucran a Cristina Kirchner<\/h2>\n\n\n\n<p>En el caso de la causa por el Memor\u00e1ndum con Ir\u00e1n se&nbsp;<strong>apartaron&nbsp;<\/strong>por orden de Casaci\u00f3n a los integrantes del Tribunal Oral Federal n\u00famero 8 Gabriela L\u00f3pez I\u00f1iguez, Daniel Obligado y Jos\u00e9 Michilini, en la sentencia que revoc\u00f3 sobreseimientos y orden\u00f3 realizar el juicio oral. En cuanto a la causa Hotesur &#8211; Los Sauces fueron apartados los magistrados del TOF 5, Obligado y Adri\u00e1n Gr\u00fcnberg.<\/p>\n\n\n\n<h2 class=\"wp-block-heading\">Qu\u00e9 se investiga en las causas Hotesur &#8211; Los Sauces y el Memor\u00e1ndum con Ir\u00e1n<\/h2>\n\n\n\n<p>La causa Hotesur &#8211; Los Sauces es por presunta asociaci\u00f3n il\u00edcita y lavado de dinero en el alquiler de propiedades y hoteles pertenecientes a la familia Kirchner. Se busca determinar si la Vicepresidenta recibi\u00f3 plata de las compa\u00f1\u00edas de<strong>&nbsp;L\u00e1zaro B\u00e1ez<\/strong>&nbsp;y&nbsp;<strong>Crist\u00f3bal L\u00f3pez<\/strong>&nbsp;como retorno por los negocios que ambos empresarios realizaron a partir de sus v\u00ednculos con el kirchnerismo.<\/p>\n\n\n\n<p>En el caso del Memor\u00e1ndum con Ir\u00e1n la causa se inici\u00f3 en enero de 2015 con la denuncia que present\u00f3 el fiscal federal Alberto Nisman, poco antes de&nbsp;<strong>aparecer muerto&nbsp;<\/strong>ese mismo mes en su departamento. Nisman consider\u00f3 que con la firma del memor\u00e1ndum entre la Argentina e Ir\u00e1n se busc\u00f3 encubrir a los acusados del atentado a la AMIA porque hac\u00eda caer las alertas rojas de Interpol que pesaban sobre ellos.<\/p>\n","protected":false},"excerpt":{"rendered":"<p>Se aceleran los tiempos para la realizaci\u00f3n de dos\u00a0juicios\u00a0que involucran a la vicepresidenta,\u00a0Cristina Kirchner,\u00a0por lavado de dinero a partir de las causas\u00a0Hotesur &#8211; Los Sauces\u00a0y la denuncia que el fiscal\u00a0Alberto&hellip; <\/p>\n","protected":false},"author":12,"featured_media":95597,"comment_status":"closed","ping_status":"open","sticky":false,"template":"","format":"standard","meta":{"footnotes":""},"categories":[3],"tags":[],"class_list":["post-95591","post","type-post","status-publish","format-standard","has-post-thumbnail","hentry","category-politica"],"_links":{"self":[{"href":"https:\/\/corrientesdetarde.com\/index.php\/wp-json\/wp\/v2\/posts\/95591","targetHints":{"allow":["GET"]}}],"collection":[{"href":"https:\/\/corrientesdetarde.com\/index.php\/wp-json\/wp\/v2\/posts"}],"about":[{"href":"https:\/\/corrientesdetarde.com\/index.php\/wp-json\/wp\/v2\/types\/post"}],"author":[{"embeddable":true,"href":"https:\/\/corrientesdetarde.com\/index.php\/wp-json\/wp\/v2\/users\/12"}],"replies":[{"embeddable":true,"href":"https:\/\/corrientesdetarde.com\/index.php\/wp-json\/wp\/v2\/comments?post=95591"}],"version-history":[{"count":1,"href":"https:\/\/corrientesdetarde.com\/index.php\/wp-json\/wp\/v2\/posts\/95591\/revisions"}],"predecessor-version":[{"id":95598,"href":"https:\/\/corrientesdetarde.com\/index.php\/wp-json\/wp\/v2\/posts\/95591\/revisions\/95598"}],"wp:featuredmedia":[{"embeddable":true,"href":"https:\/\/corrientesdetarde.com\/index.php\/wp-json\/wp\/v2\/media\/95597"}],"wp:attachment":[{"href":"https:\/\/corrientesdetarde.com\/index.php\/wp-json\/wp\/v2\/media?parent=95591"}],"wp:term":[{"taxonomy":"category","embeddable":true,"href":"https:\/\/corrientesdetarde.com\/index.php\/wp-json\/wp\/v2\/categories?post=95591"},{"taxonomy":"post_tag","embeddable":true,"href":"https:\/\/corrientesdetarde.com\/index.php\/wp-json\/wp\/v2\/tags?post=95591"}],"curies":[{"name":"wp","href":"https:\/\/api.w.org\/{rel}","templated":true}]}}