{"id":95592,"date":"2023-10-17T09:18:49","date_gmt":"2023-10-17T12:18:49","guid":{"rendered":"https:\/\/corrientesdetarde.com\/?p=95592"},"modified":"2023-10-17T09:19:00","modified_gmt":"2023-10-17T12:19:00","slug":"calvano-patricia-representa-la-esperanza-de-cambiocon-orden-y-seguridad-para-la-argentina","status":"publish","type":"post","link":"https:\/\/corrientesdetarde.com\/index.php\/politica\/calvano-patricia-representa-la-esperanza-de-cambiocon-orden-y-seguridad-para-la-argentina\/","title":{"rendered":"Calvano: \u201cPatricia representa la esperanza de cambiocon orden y seguridad para la Argentina\u201d"},"content":{"rendered":"\n<p><em>La Coalici\u00f3n C\u00edvica ARI cierra la campa\u00f1a electoral de cara a las elecciones generales del 22 de octubre con una grilla de actividades en los barrios, acompa\u00f1ando a la candidata a presidente Patricia Bullrich y a la candidata a diputada nacional, representante de esa fuerza en la alianza, Gabriela Gauna. \u201cLlevamos el mensaje de esperanza que representa Patricia, ella es una salida con orden y segura para la Argentina y, sin dudas, es lo mejor para Corrientes\u201d, afirm\u00f3 Cuqui Calvano.<\/em><\/p>\n\n\n\n<p>Tal como lo desarroll\u00f3 a lo largo de todo el a\u00f1o, la Coalici\u00f3n C\u00edvica ARI Corrientes realiz\u00f3 este fin de semana un nuevo operativo integral, esta vez en el barrio Pirayu\u00ed, para acercar servicios a las familias incluyendo vacunaci\u00f3n y desparasitaci\u00f3n gratuitas para mascotas, deportes, juegos, asesoramiento en tr\u00e1mites y diversas atenciones. Tambi\u00e9n concret\u00f3 jornadas deportivas y continu\u00f3 acercando talleres de oficio de su Escuela de Mujeres Emprendedoras (EsME) a los barrios.&nbsp;<\/p>\n\n\n\n<p>El presidente de la Coalici\u00f3n C\u00edvica ARI Corrientes, Hugo \u201cCuqui\u201d Calvano, coment\u00f3: \u201cEstos operativos y las oportunidades que promovemos desde el partido, nuestra Mesa de Deportes y la EsME son parte de lo que venimos llevando adelante como v\u00ednculo con los vecinos y vecinas. Ahora llega a un punto final previo a las elecciones, pero que despu\u00e9s contin\u00faa todo el a\u00f1o como nos caracteriza a nosotros\u201d.&nbsp;<\/p>\n\n\n\n<p>\u201cCon este trabajo diario que realizamos estamos acompa\u00f1ando la campa\u00f1a nacional de Patricia Bullrich Presidente. Generar oportunidades en cada barrio es la premisa que tenemos con Patricia Bullrich y Gustavo Vald\u00e9s, la seguimos en la ciudad de Corrientes con Eduardo Tassano y en todos los municipios con nuestros referentes e intendentes que est\u00e1n empujando\u201d, sostuvo Calvano y agreg\u00f3 que \u201cesta campa\u00f1a es casa por casa, cara a cara, escuchando y sobre todo transmitiendo Patricia representa la esperanza de cambio&nbsp;con orden y seguridad para la Argentina. Ella, por la trayectoria que tiene en la vida p\u00fablica, es reconocida por su austeridad, pero tambi\u00e9n por la firmeza con la que ha defendido sus ideas\u201d.&nbsp;<\/p>\n\n\n\n<p>Calvano ratific\u00f3: \u201cNosotros creemos en Patricia porque estuvo junto a los argentinos en la pandemia, cuando nos quer\u00edan encerrar eternamente; estuvo junto al campo cuando el campo lo necesit\u00f3 y va a estar siempre del lado de los que m\u00e1s necesitan. Como ministra de Seguridad, combati\u00f3 en el narcotr\u00e1fico como nunca antes en la Argentina y eso es lo que hoy el pa\u00eds necesita, seguridad, orden y estabilidad econ\u00f3mica\u201d. \u201cEso es lo que Patricia puede ofrecer y tiene los equipos con m\u00e1s de 10 gobernadores en las provincias, m\u00e1s de 500 intendentes en todo el pa\u00eds, mayor\u00eda en diputados y senadores. Es la mejor posici\u00f3n que tenemos en la historia para poder realmente hacer los cambios que hacen falta y que sean para siempre\u201d, asever\u00f3 Calvano.&nbsp;<\/p>\n\n\n\n<p>Por su parte, la candidata a Diputada Nacional por la Coalici\u00f3n C\u00edvica ARI dentro de la alianza Juntos por el Cambio, Gabriela Gauna, llam\u00f3 a todos los correntinos a votar \u201ccon convicci\u00f3n y esperanza\u201d. \u201cQue no nos hagan creer que no hay m\u00e1s nada por hacer, que no hay esperanza, que est\u00e1 todo perdido. Yo hoy creo que tenemos una salida, que tenemos una persona que es la \u00fanica que puede entender hacia d\u00f3nde tiene que ir nuestro pa\u00eds y realmente tener lo que hay que tener para tomar las decisiones que Argentina necesita, y esa persona es Patricia Bullrich\u201d, afirm\u00f3.&nbsp;<\/p>\n\n\n\n<p>\u201cCon el actual gobierno nacional tenemos millones de argentinos en la pobreza. Adultos mayores que tienen que elegir entre comprar su medicamento o comprar su comida; ni\u00f1os que no se alimentan bien como para desarrollarse bien en la escuela y en su vida; son un mont\u00f3n de situaciones que no son solamente n\u00fameros y porcentajes. Por otro lado tenemos candidatos con propuestas que no tienen sustento. Es realmente triste esta realidad, y por eso creo que tenemos que entender que lo que est\u00e1 en juego el domingo 22 de octubre no es algo menor\u201d, sostuvo la candidata.<\/p>\n\n\n\n<p>\u201cEl domingo se definen las riendas de nuestro pa\u00eds, se define la persona que va a liderar y tomar las decisiones a partir del 10 de diciembre en adelante. Y como lo dijo Patricia, los cambios no van a ser m\u00e1gicos, no van a ser de un d\u00eda para el otro pero con un gran plan como el que ella propone y un gran equipo de gobernadores, legisladores, intendentes, vamos a poder forjar el futuro que queremos\u201d, agreg\u00f3 Gauna.<\/p>\n","protected":false},"excerpt":{"rendered":"<p>La Coalici\u00f3n C\u00edvica ARI cierra la campa\u00f1a electoral de cara a las elecciones generales del 22 de octubre con una grilla de actividades en los barrios, acompa\u00f1ando a la candidata&hellip; <\/p>\n","protected":false},"author":12,"featured_media":95593,"comment_status":"closed","ping_status":"open","sticky":false,"template":"","format":"standard","meta":{"footnotes":""},"categories":[3],"tags":[],"class_list":["post-95592","post","type-post","status-publish","format-standard","has-post-thumbnail","hentry","category-politica"],"_links":{"self":[{"href":"https:\/\/corrientesdetarde.com\/index.php\/wp-json\/wp\/v2\/posts\/95592","targetHints":{"allow":["GET"]}}],"collection":[{"href":"https:\/\/corrientesdetarde.com\/index.php\/wp-json\/wp\/v2\/posts"}],"about":[{"href":"https:\/\/corrientesdetarde.com\/index.php\/wp-json\/wp\/v2\/types\/post"}],"author":[{"embeddable":true,"href":"https:\/\/corrientesdetarde.com\/index.php\/wp-json\/wp\/v2\/users\/12"}],"replies":[{"embeddable":true,"href":"https:\/\/corrientesdetarde.com\/index.php\/wp-json\/wp\/v2\/comments?post=95592"}],"version-history":[{"count":1,"href":"https:\/\/corrientesdetarde.com\/index.php\/wp-json\/wp\/v2\/posts\/95592\/revisions"}],"predecessor-version":[{"id":95594,"href":"https:\/\/corrientesdetarde.com\/index.php\/wp-json\/wp\/v2\/posts\/95592\/revisions\/95594"}],"wp:featuredmedia":[{"embeddable":true,"href":"https:\/\/corrientesdetarde.com\/index.php\/wp-json\/wp\/v2\/media\/95593"}],"wp:attachment":[{"href":"https:\/\/corrientesdetarde.com\/index.php\/wp-json\/wp\/v2\/media?parent=95592"}],"wp:term":[{"taxonomy":"category","embeddable":true,"href":"https:\/\/corrientesdetarde.com\/index.php\/wp-json\/wp\/v2\/categories?post=95592"},{"taxonomy":"post_tag","embeddable":true,"href":"https:\/\/corrientesdetarde.com\/index.php\/wp-json\/wp\/v2\/tags?post=95592"}],"curies":[{"name":"wp","href":"https:\/\/api.w.org\/{rel}","templated":true}]}}