{"id":95774,"date":"2023-10-17T22:41:40","date_gmt":"2023-10-18T01:41:40","guid":{"rendered":"https:\/\/corrientesdetarde.com\/?p=95774"},"modified":"2023-10-17T22:41:46","modified_gmt":"2023-10-18T01:41:46","slug":"la-justicia-detecto-operaciones-de-fraude-de-divisas-en-el-comercio-exterior","status":"publish","type":"post","link":"https:\/\/corrientesdetarde.com\/index.php\/economia\/la-justicia-detecto-operaciones-de-fraude-de-divisas-en-el-comercio-exterior\/","title":{"rendered":"La Justicia detect\u00f3 operaciones de fraude de divisas en el comercio exterior"},"content":{"rendered":"\n<p>La Aduana inform\u00f3 que los d\u00f3lares obtenidos a valor oficial indebidamente son girados al exterior.<\/p>\n\n\n\n<p>La Justicia investiga el posible v\u00ednculo entre la\u00a0<strong>sobrefacturaci\u00f3n de importaciones y la subfacturaci\u00f3n de exportaciones,<\/strong>,\u00a0con maniobras il\u00edcitas que resultan en\u00a0<strong>fugas de divisas.<\/strong><\/p>\n\n\n\n<p>Seg\u00fan inform\u00f3 la Aduana, eso d\u00f3lares obtenidos a valor oficial indebidamente son girados al exterior.<\/p>\n\n\n\n<p>Documentaci\u00f3n hallada en los allanamientos a las oficinas del &#8220;croata&#8221;&nbsp;<strong>Ivo Esteban Rojnica<\/strong>&nbsp;sugiere que colaboraba con la&nbsp;<strong>repatriaci\u00f3n de los fondos<\/strong>, indicaron fuentes de la causa.<\/p>\n\n\n\n<p>Hay documentos en los que estaban resaltados nombres y referencias sobre operatoria \u201cTT\u201d o \u201cMEP\u201d, que se\u00f1alaban como destinatario o cliente a \u201cRefiner\u00eda Sudamericana\u201d.<\/p>\n\n\n\n<p>La firma hab\u00eda sido denunciada por la&nbsp;<strong>Aduana<\/strong>&nbsp;en junio por irregularidades detectadas en&nbsp;<strong>158 operaciones.<\/strong><\/p>\n\n\n\n<p>La empresa hab\u00eda subfacturado exportaciones a Colombia y Per\u00fa apelando a una empresa pantalla radicada en EEUU, que s\u00f3lo ten\u00eda operaciones con la exportadora.<\/p>\n\n\n\n<p>La intermediaria se llamaba Sphere Trading LLC. Se detect\u00f3 que&nbsp;<strong>los valores eran un 68% inferiores a los nominales de mercado<\/strong>.<\/p>\n\n\n\n<p>A su vez, Refiner\u00eda Sudamericana fue tambi\u00e9n denunciada por la importaci\u00f3n de maquinaria usada que se intent\u00f3 hacer pasar como nueva para inflar su valor.<\/p>\n\n\n\n<p>La firma, que se dedica a la comercializaci\u00f3n de subproductos agr\u00edcolas y ganaderos desde su planta en Quilmes, opera un hotel boutique de lujo en la Patagonia, denominado \u201cVilla Beluno\u201d.<\/p>\n\n\n\n<p>Refiner\u00eda Sudamericana es la titular de los contratos de alojamiento, con servicios que ofrecen desde bodas hasta retiros empresariales con todo el nivel de sofisticaci\u00f3n.<\/p>\n\n\n\n<p>Las autoridades ahora sospechan que las<strong>&nbsp;inversiones aplicadas al emprendimiento pudieron estar relacionadas con las denuncias que obran en la Justicia.<\/strong><\/p>\n\n\n\n<p>En el servicio de&nbsp;<strong>banca offshore<\/strong>&nbsp;que ofrec\u00eda la \u201ccueva\u201d de Rojnica, comenzaron a relevarse los nombres que aparecieron en la serie de carpetas, con firma de los presuntos clientes.<\/p>\n\n\n\n<p>La Aduana inform\u00f3 que en esa lista<strong>&nbsp;hay un empresario azucarero, el directivo de un lujos countrie y un ex futbolista.<\/strong><\/p>\n","protected":false},"excerpt":{"rendered":"<p>La Aduana inform\u00f3 que los d\u00f3lares obtenidos a valor oficial indebidamente son girados al exterior. La Justicia investiga el posible v\u00ednculo entre la\u00a0sobrefacturaci\u00f3n de importaciones y la subfacturaci\u00f3n de exportaciones,,\u00a0con&hellip; <\/p>\n","protected":false},"author":4,"featured_media":95799,"comment_status":"closed","ping_status":"open","sticky":false,"template":"","format":"standard","meta":{"footnotes":""},"categories":[20],"tags":[],"class_list":["post-95774","post","type-post","status-publish","format-standard","has-post-thumbnail","hentry","category-economia"],"_links":{"self":[{"href":"https:\/\/corrientesdetarde.com\/index.php\/wp-json\/wp\/v2\/posts\/95774","targetHints":{"allow":["GET"]}}],"collection":[{"href":"https:\/\/corrientesdetarde.com\/index.php\/wp-json\/wp\/v2\/posts"}],"about":[{"href":"https:\/\/corrientesdetarde.com\/index.php\/wp-json\/wp\/v2\/types\/post"}],"author":[{"embeddable":true,"href":"https:\/\/corrientesdetarde.com\/index.php\/wp-json\/wp\/v2\/users\/4"}],"replies":[{"embeddable":true,"href":"https:\/\/corrientesdetarde.com\/index.php\/wp-json\/wp\/v2\/comments?post=95774"}],"version-history":[{"count":1,"href":"https:\/\/corrientesdetarde.com\/index.php\/wp-json\/wp\/v2\/posts\/95774\/revisions"}],"predecessor-version":[{"id":95825,"href":"https:\/\/corrientesdetarde.com\/index.php\/wp-json\/wp\/v2\/posts\/95774\/revisions\/95825"}],"wp:featuredmedia":[{"embeddable":true,"href":"https:\/\/corrientesdetarde.com\/index.php\/wp-json\/wp\/v2\/media\/95799"}],"wp:attachment":[{"href":"https:\/\/corrientesdetarde.com\/index.php\/wp-json\/wp\/v2\/media?parent=95774"}],"wp:term":[{"taxonomy":"category","embeddable":true,"href":"https:\/\/corrientesdetarde.com\/index.php\/wp-json\/wp\/v2\/categories?post=95774"},{"taxonomy":"post_tag","embeddable":true,"href":"https:\/\/corrientesdetarde.com\/index.php\/wp-json\/wp\/v2\/tags?post=95774"}],"curies":[{"name":"wp","href":"https:\/\/api.w.org\/{rel}","templated":true}]}}