{"id":95809,"date":"2023-10-17T22:11:20","date_gmt":"2023-10-18T01:11:20","guid":{"rendered":"https:\/\/corrientesdetarde.com\/?p=95809"},"modified":"2023-10-17T22:11:32","modified_gmt":"2023-10-18T01:11:32","slug":"se-inauguraron-tres-parques-eolicos-mas-en-argentina-con-potencia-para-abastecer-de-electricidad-a-270-mil-hogares","status":"publish","type":"post","link":"https:\/\/corrientesdetarde.com\/index.php\/economia\/se-inauguraron-tres-parques-eolicos-mas-en-argentina-con-potencia-para-abastecer-de-electricidad-a-270-mil-hogares\/","title":{"rendered":"Se inauguraron tres parques e\u00f3licos m\u00e1s en Argentina con potencia para abastecer de electricidad a 270 mil hogares"},"content":{"rendered":"\n<p>Con una inversi\u00f3n de US$ 370 millones se inauguran dos parques en la provincia de Buenos Aires y uno en San Luis, que en su conjunto suman 198MW\u00a0 de potencia de energ\u00eda renovable.<\/p>\n\n\n\n<p>En los primeros d\u00edas de octubre se pusieron en marcha&nbsp;<strong>tres nuevos Parques E\u00f3licos en Argentina<\/strong>. Dos&nbsp;ubicados&nbsp; en la provincia de Buenos Aires y el restante&nbsp; en San Luis,<strong>&nbsp;permitir\u00e1n abastecer de electricidad el equivalente a 270 mil hogares<\/strong>.<\/p>\n\n\n\n<p>De esta manera se sigue agrandando la potencia instalada en energ\u00eda e\u00f3lica a lo largo del pa\u00eds.&nbsp;<strong>Argentina ocupa el segundo lugar de Sudam\u00e9rica como generador de energ\u00eda proveniente del viento, con m\u00e1s de 3.498 MW de potencia instalada<\/strong>&nbsp;proveniente del sector e\u00f3lico.&nbsp;Desde 2016, se han invertido m\u00e1s de 4.600 millones de US$ para el desarrollo de parques e\u00f3licos. La energ\u00eda e\u00f3lica&nbsp;representa alrededor del 8% del total de generaci\u00f3n el\u00e9ctrica.<\/p>\n\n\n\n<p><strong>Con una inversi\u00f3n total de 370 millones de d\u00f3lares,<\/strong>&nbsp;PCR anunci\u00f3 hoy la puesta en marcha de 3 nuevos parques renovables que se suman a los 3 parques que ya ten\u00eda en operaci\u00f3n en el pa\u00eds. De esta manera, la compa\u00f1\u00eda suma una potencia instalada total de 527,4 MW a trav\u00e9s de un total de 130 aerogeneradores que&nbsp;<strong>representa el 15% de la generaci\u00f3n e\u00f3lica en el pa\u00eds<\/strong>, con la posibilidad de abastecer de energ\u00eda el\u00e9ctrica a un total de 720.000 hogares.<\/p>\n\n\n\n<p>Los nuevos parques e\u00f3licos de PCR son el&nbsp;<strong>&nbsp;Mataco-San Jorge en el partido de Tornquist<\/strong>, provincia de Buenos Aires que cuenta con&nbsp;8 aerogeneradores y una potencia de 36MW que se integraron al Parque e\u00f3lico Mataco-San Jorge en el partido de Tornquist, provincia de Buenos Aires en las cercan\u00edas de Bah\u00eda Blanca. Este complejo e\u00f3lico se constituy\u00f3 as\u00ed en el m\u00e1s grande de la provincia de Buenos Aires con una potencia instalada de 239,4MW y un total de 59 aerogeneradores.<\/p>\n\n\n\n<p>El segundo de Buenos Aires se encuentra en&nbsp;&nbsp;<strong>Vivorat\u00e1<\/strong>: a pocos kil\u00f3metros de Mar del Plata, y cuenta con 11 aerogeneradores y una potencia de 49,5MW.<\/p>\n\n\n\n<p>En tanto, que en la provincia de San Luis, se inaugur\u00f3 el&nbsp;<strong>San Luis Norte,&nbsp;<\/strong>&nbsp;en la localidad de Toro Negro del departamento de Belgrano, al norte de la provincia. All\u00ed se puso en operaci\u00f3n un centro de producci\u00f3n e\u00f3lica con 25 aerogeneradores y una capacidad instalada de 112,5MW. Este parque renovable es un proyecto realizado en conjunto entre PCR y ArcelorMittal Acindar en una extensi\u00f3n de 1500 hect\u00e1reas y est\u00e1 prevista la construcci\u00f3n de una etapa adicional de 18 MW de energ\u00eda solar.<\/p>\n\n\n\n<p>Desde la compa\u00f1\u00eda comentaron que durante la etapa constructiva de estos 3 parques e\u00f3licos&nbsp;<strong>se emplearon un total de 813 trabajadores<\/strong>&nbsp;y se utilizaron 9.615 toneladas de cemento y 3.208 toneladas de hierro.<\/p>\n\n\n\n<p>De esta manera<strong>&nbsp;los tres nuevos parques est\u00e1n vinculados al Sistema Interconectado Nacional que administra Cammesa<\/strong>&nbsp;y toda su generaci\u00f3n est\u00e1 contratada por empresas para el abastecimiento de energ\u00eda limpia que les permita avanzar en la descarbonizaci\u00f3n de sus operaciones.<\/p>\n\n\n\n<p>\u201cLa puesta en marcha de estos 3 nuevos parques e\u00f3licos en simult\u00e1neo representa un hito \u00fanico en el mercado de generaci\u00f3n renovable en el pa\u00eds y para PCR un paso destacado en su historia y visi\u00f3n estrat\u00e9gica de crecimiento y desarrollo de sus negocios. Estamos orgullosos de ser impulsores de la generaci\u00f3n renovable del pa\u00eds y protagonistas de la transici\u00f3n energ\u00e9tica, brindando una soluci\u00f3n para favorecer la descarbonizaci\u00f3n de las industrias y al mismo tiempo contribuir con el planeta a partir de la reducci\u00f3n de emisiones a la atm\u00f3sfera\u201d, afirm\u00f3 Mart\u00edn Federico Brandi, CEO de PCR.<\/p>\n\n\n\n<p>Seg\u00fan datos de la C\u00e1mara E\u00f3lica Argentina (CEA), construir un parque e\u00f3lico en el pa\u00eds cuesta alrededor de US$1,5 millones por megawatts (MW). Actualmente, en el pa\u00eds hay 3498 MW de potencia instalada de energ\u00eda e\u00f3lica, de un total de 43.383 MW de producci\u00f3n a nivel mundial.<\/p>\n\n\n\n<p>Esta diferencia de costos ha generado un considerable inter\u00e9s tanto por parte de inversores como de empresas que buscan establecer sus propias fuentes de producci\u00f3n de energ\u00eda e\u00f3lica, con el objetivo de alcanzar sus metas de reducci\u00f3n de emisiones en los pr\u00f3ximos a\u00f1os.<\/p>\n\n\n\n<p>Durante 2023,&nbsp;seg\u00fan la CEA,&nbsp;la generaci\u00f3n&nbsp;producida por el viento&nbsp;generar\u00e1 un ahorro&nbsp;en divisas&nbsp;por&nbsp;1.838 millones de d\u00f3lares, menores costos fiscales en subsidios por 896 millones de d\u00f3lares y una reducci\u00f3n del costo de generaci\u00f3n de 6,1 d\u00f3lares por&nbsp;MWh.&nbsp;Estos n\u00fameros se basan en la generaci\u00f3n e\u00f3lica estimada para este a\u00f1o y su costo promedio, en comparaci\u00f3n con el precio actual de los combustibles f\u00f3siles y las necesidades de consumo del sistema. Este estudio se lleva a cabo por tercer a\u00f1o consecutivo.<\/p>\n","protected":false},"excerpt":{"rendered":"<p>Con una inversi\u00f3n de US$ 370 millones se inauguran dos parques en la provincia de Buenos Aires y uno en San Luis, que en su conjunto suman 198MW\u00a0 de potencia&hellip; <\/p>\n","protected":false},"author":4,"featured_media":95810,"comment_status":"closed","ping_status":"open","sticky":false,"template":"","format":"standard","meta":{"footnotes":""},"categories":[20],"tags":[],"class_list":["post-95809","post","type-post","status-publish","format-standard","has-post-thumbnail","hentry","category-economia"],"_links":{"self":[{"href":"https:\/\/corrientesdetarde.com\/index.php\/wp-json\/wp\/v2\/posts\/95809","targetHints":{"allow":["GET"]}}],"collection":[{"href":"https:\/\/corrientesdetarde.com\/index.php\/wp-json\/wp\/v2\/posts"}],"about":[{"href":"https:\/\/corrientesdetarde.com\/index.php\/wp-json\/wp\/v2\/types\/post"}],"author":[{"embeddable":true,"href":"https:\/\/corrientesdetarde.com\/index.php\/wp-json\/wp\/v2\/users\/4"}],"replies":[{"embeddable":true,"href":"https:\/\/corrientesdetarde.com\/index.php\/wp-json\/wp\/v2\/comments?post=95809"}],"version-history":[{"count":1,"href":"https:\/\/corrientesdetarde.com\/index.php\/wp-json\/wp\/v2\/posts\/95809\/revisions"}],"predecessor-version":[{"id":95811,"href":"https:\/\/corrientesdetarde.com\/index.php\/wp-json\/wp\/v2\/posts\/95809\/revisions\/95811"}],"wp:featuredmedia":[{"embeddable":true,"href":"https:\/\/corrientesdetarde.com\/index.php\/wp-json\/wp\/v2\/media\/95810"}],"wp:attachment":[{"href":"https:\/\/corrientesdetarde.com\/index.php\/wp-json\/wp\/v2\/media?parent=95809"}],"wp:term":[{"taxonomy":"category","embeddable":true,"href":"https:\/\/corrientesdetarde.com\/index.php\/wp-json\/wp\/v2\/categories?post=95809"},{"taxonomy":"post_tag","embeddable":true,"href":"https:\/\/corrientesdetarde.com\/index.php\/wp-json\/wp\/v2\/tags?post=95809"}],"curies":[{"name":"wp","href":"https:\/\/api.w.org\/{rel}","templated":true}]}}