{"id":95812,"date":"2023-10-17T22:16:53","date_gmt":"2023-10-18T01:16:53","guid":{"rendered":"https:\/\/corrientesdetarde.com\/?p=95812"},"modified":"2023-10-17T22:16:58","modified_gmt":"2023-10-18T01:16:58","slug":"ph-podemos-hablar-graciela-alfano-revelo-como-comenzo-su-romance-con-diego-maradona","status":"publish","type":"post","link":"https:\/\/corrientesdetarde.com\/index.php\/espectaculos\/ph-podemos-hablar-graciela-alfano-revelo-como-comenzo-su-romance-con-diego-maradona\/","title":{"rendered":"PH, Podemos Hablar: Graciela Alfano revel\u00f3 c\u00f3mo comenz\u00f3 su romance con Diego Maradona"},"content":{"rendered":"\n<p>Graciela Alfano sorprende al revelar un el inicio de su fugaz romance con Diego Maradona durante su participaci\u00f3n en PH, Podemos Hablar. La exvedette comparti\u00f3 detalles sobre c\u00f3mo Maradona asisti\u00f3 como invitado a su programa en el pasado, desatando una breve pero intrigante historia de amor.<\/p>\n\n\n\n<p>En una noche cargada de revelaciones,&nbsp;<strong>Graciela Alfano<\/strong>, invitada especial en el programa&nbsp;<strong>PH, Podemos Hablar<\/strong>&nbsp;de Telefe, comparti\u00f3 detalles \u00edntimos sobre un breve romance con la leyenda del f\u00fatbol,&nbsp;<strong>Diego Armando Maradona<\/strong>. El encuentro se produjo durante su etapa como presentadora en el programa&nbsp;<strong>Periscopio<\/strong>&nbsp;(Am\u00e9rica).<\/p>\n\n\n\n<p>Durante la cena previa al programa,&nbsp;<strong>Alfano<\/strong>&nbsp;acept\u00f3 el desaf\u00edo de avanzar al punto de encuentro en referencia a situaciones vergonzosas del pasado. Fue entonces cuando la exvedette revel\u00f3 c\u00f3mo&nbsp;<strong>Maradona<\/strong>&nbsp;asisti\u00f3 al programa como entrevistado y, supuestamente, surgi\u00f3 un peque\u00f1o romance entre los dos.<\/p>\n\n\n\n<p><strong>Alfano<\/strong>&nbsp;relat\u00f3 c\u00f3mo la productora se hizo pasar por ella para atraer a&nbsp;<strong>Maradona<\/strong>, comentando: &#8220;La productora se hizo pasar por m\u00ed y se lo levant\u00f3 mal, \u2018ven\u00ed al programa y despu\u00e9s vamos a otro lado\u2019, le dijo\u201d. Sorprendido, el conductor&nbsp;<strong>Andy Kusnetzoff<\/strong>&nbsp;pregunt\u00f3 si la productora se identific\u00f3 como&nbsp;<strong>Graciela Alfano<\/strong>, a lo que ella respondi\u00f3 afirmativamente, aunque desconoc\u00eda los detalles de su conversaci\u00f3n.<\/p>\n\n\n\n<p>Despu\u00e9s de la grabaci\u00f3n,&nbsp;<strong>Maradona<\/strong>&nbsp;visit\u00f3 su casa con un osito de peluche gigante que dec\u00eda &#8220;te amo&#8221;.&nbsp;<strong>Alfano<\/strong>, en un atuendo casual, record\u00f3: \u201cBajo y le digo \u2018Diego, \u00bfqu\u00e9 quer\u00e9s?\u2019&#8221;. Sin comprender del todo la situaci\u00f3n,&nbsp;<strong>Maradona<\/strong>&nbsp;expres\u00f3: \u201cQuiero lo que hablamos\u201d. Esta confusi\u00f3n marc\u00f3 el comienzo de un relato que llev\u00f3 a la pareja a mantener una larga conversaci\u00f3n en la Plaza San Mart\u00edn hasta altas horas de la madrugada.<\/p>\n\n\n\n<p>Con estas revelaciones sorprendentes,&nbsp;<strong>Graciela Alfano<\/strong>&nbsp;dej\u00f3 boquiabiertos a los espectadores, ofreciendo un vistazo \u00fanico a su vida pasada y a un breve pero inolvidable romance con una de las leyendas m\u00e1s grandes del f\u00fatbol argentino.<\/p>\n","protected":false},"excerpt":{"rendered":"<p>Graciela Alfano sorprende al revelar un el inicio de su fugaz romance con Diego Maradona durante su participaci\u00f3n en PH, Podemos Hablar. La exvedette comparti\u00f3 detalles sobre c\u00f3mo Maradona asisti\u00f3&hellip; <\/p>\n","protected":false},"author":4,"featured_media":95813,"comment_status":"closed","ping_status":"open","sticky":false,"template":"","format":"standard","meta":{"footnotes":""},"categories":[19],"tags":[],"class_list":["post-95812","post","type-post","status-publish","format-standard","has-post-thumbnail","hentry","category-espectaculos"],"_links":{"self":[{"href":"https:\/\/corrientesdetarde.com\/index.php\/wp-json\/wp\/v2\/posts\/95812","targetHints":{"allow":["GET"]}}],"collection":[{"href":"https:\/\/corrientesdetarde.com\/index.php\/wp-json\/wp\/v2\/posts"}],"about":[{"href":"https:\/\/corrientesdetarde.com\/index.php\/wp-json\/wp\/v2\/types\/post"}],"author":[{"embeddable":true,"href":"https:\/\/corrientesdetarde.com\/index.php\/wp-json\/wp\/v2\/users\/4"}],"replies":[{"embeddable":true,"href":"https:\/\/corrientesdetarde.com\/index.php\/wp-json\/wp\/v2\/comments?post=95812"}],"version-history":[{"count":1,"href":"https:\/\/corrientesdetarde.com\/index.php\/wp-json\/wp\/v2\/posts\/95812\/revisions"}],"predecessor-version":[{"id":95814,"href":"https:\/\/corrientesdetarde.com\/index.php\/wp-json\/wp\/v2\/posts\/95812\/revisions\/95814"}],"wp:featuredmedia":[{"embeddable":true,"href":"https:\/\/corrientesdetarde.com\/index.php\/wp-json\/wp\/v2\/media\/95813"}],"wp:attachment":[{"href":"https:\/\/corrientesdetarde.com\/index.php\/wp-json\/wp\/v2\/media?parent=95812"}],"wp:term":[{"taxonomy":"category","embeddable":true,"href":"https:\/\/corrientesdetarde.com\/index.php\/wp-json\/wp\/v2\/categories?post=95812"},{"taxonomy":"post_tag","embeddable":true,"href":"https:\/\/corrientesdetarde.com\/index.php\/wp-json\/wp\/v2\/tags?post=95812"}],"curies":[{"name":"wp","href":"https:\/\/api.w.org\/{rel}","templated":true}]}}