{"id":95815,"date":"2023-10-17T22:21:14","date_gmt":"2023-10-18T01:21:14","guid":{"rendered":"https:\/\/corrientesdetarde.com\/?p=95815"},"modified":"2023-10-17T22:21:25","modified_gmt":"2023-10-18T01:21:25","slug":"el-descargo-de-belen-francese-tras-su-pelea-con-andrea-rincon","status":"publish","type":"post","link":"https:\/\/corrientesdetarde.com\/index.php\/espectaculos\/el-descargo-de-belen-francese-tras-su-pelea-con-andrea-rincon\/","title":{"rendered":"El descargo de Bel\u00e9n Francese tras su pelea con Andrea Rinc\u00f3n"},"content":{"rendered":"\n<p>La medi\u00e1tica habl\u00f3 luego de su cruce con la actriz en PH, Podemos Hablar, y lanz\u00f3 fuertes indirectas.<\/p>\n\n\n\n<p><strong>Bel\u00e9n Francese y Andrea Rinc\u00f3n<\/strong>\u00a0vivieron un tenso momento\u00a0en PH, Podemos Hablar y ahora\u00a0la medi\u00e1tica lanz\u00f3 unas pol\u00e9micas declaraciones en sus redes sociales.<\/p>\n\n\n\n<p>Fue este domingo cuando subi\u00f3 a sus historias de Instagram una tierna imagen por el D\u00eda de la Madre en la que puede ver a Francese d\u00e1ndole un beso a su hijo bajo el texto:<strong>&nbsp;\u201cFeliz d\u00eda mamitas, las amo\u201d.<\/strong><\/p>\n\n\n\n<p>Luego, en el p\u00e1rrafo siguiente, agreg\u00f3 unas frases picantes que los fans interpretaron que ser\u00edan para Andrea: \u201cA exorcizar lo malo siempre uno mismo.<strong>&nbsp;\u00a1Fuera la gente violenta, chorra y mentirosa, patotera y con mala onda!<\/strong>&nbsp;Vibras oscuras, LEJOS\u201d.<\/p>\n\n\n\n<p>Por \u00faltimo, cerr\u00f3: \u201c<strong>\u00a1Viva el amor y la libertad! \u00a1Viva la libertad!<\/strong>&nbsp;Y el \u00fanico verde que uso es el de la esperanza. Por una Argentina mejor. Viva el amor\u201d.<\/p>\n\n\n\n<figure class=\"wp-block-image\"><img decoding=\"async\" src=\"https:\/\/noticiasargentinas.com\/images\/NA\/Contenidos\/WhatsApp_Image_2023-10-15_at_19.29.09.webp\" alt=\"WhatsApp_Image_2023-10-15_at_19.29.09.jpeg\"\/><\/figure>\n\n\n\n<p><strong>El tenso momento que se vivi\u00f3 entre Rinc\u00f3n y Francese<\/strong><\/p>\n\n\n\n<figure class=\"wp-block-embed is-type-video is-provider-youtube wp-block-embed-youtube wp-embed-aspect-16-9 wp-has-aspect-ratio\"><div class=\"wp-block-embed__wrapper\">\n<iframe loading=\"lazy\" title=\"Fiesta inolvidable, recuerdos confusos y un coraz\u00f3n partido: el pleito de Francese y Rinc\u00f3n\" width=\"1110\" height=\"624\" src=\"https:\/\/www.youtube.com\/embed\/9TojXyfCWDs?feature=oembed\" frameborder=\"0\" allow=\"accelerometer; autoplay; clipboard-write; encrypted-media; gyroscope; picture-in-picture; web-share\" allowfullscreen><\/iframe>\n<\/div><\/figure>\n\n\n\n<p>El cruce comenz\u00f3 cuando el conductor les pidi\u00f3 a las invitadas que pasen al punto de encuentro quienes hayan vivido una fiesta inolvidable y, de las cinco mujeres que se encontraban, fue solamente Francese quien dio un paso al frente.&nbsp;<strong>Si bien al principio todo era risas entre ambas, luego la situaci\u00f3n se puso tensa.<\/strong><\/p>\n\n\n\n<p>La medi\u00e1tica relat\u00f3 un momento ocurrido a\u00f1os atr\u00e1s en la ciudad de Mar del Plata,&nbsp;<strong>en una fiesta de Moria Cas\u00e1n,<\/strong>&nbsp;cuando estaba reci\u00e9n separada y triste por su situaci\u00f3n sentimental.<\/p>\n\n\n\n<p>Francese detall\u00f3 sobre esa fiesta que \u201cya era de d\u00eda. Ella subi\u00f3 a hablar conmigo; charlamos y la pasamos muy bien. Fue muy divertida, muy inolvidable\u201d, dijo entre risas y con miradas c\u00f3mplices con Andrea, lo cual caus\u00f3 que los presentes malinterpretaran la situaci\u00f3n. Adem\u00e1s, antes de contar con detalles, Rinc\u00f3n le hab\u00eda gritado reiteradas veces:&nbsp;<strong>\u201c\u00a1No me quem\u00e9s!\u201d.<\/strong><\/p>\n\n\n\n<p>\u201cSolo hablamos, ella estaba saliendo de una y entrando en otra. Yo sub\u00ed y le pregunt\u00e9: \u2018\u00bfTe lo volteaste? Contame todo\u2019\u201d, agreg\u00f3 Andrea, quien previamente hab\u00eda contado que Bel\u00e9n hab\u00eda estado con un chico esa noche.<\/p>\n\n\n\n<p>Fue en ese instante cuando Andy le pregunt\u00f3 directamente a Bel\u00e9n:&nbsp;<strong>\u201c\u00bfUsted tuvo algo con Andrea en esa fiesta?\u201d,<\/strong>&nbsp;a lo que ambas se negaron. \u201cYo no toqu\u00e9 ni una teta. No pas\u00f3 nada esa noche\u201d, agreg\u00f3 Rinc\u00f3n.<\/p>\n\n\n\n<p>Ah\u00ed fue cuando la medi\u00e1tica dio unas declaraciones que dejaron at\u00f3nica a la actriz:&nbsp;<strong>\u201cYo flashe\u00e9 otra situaci\u00f3n\u201d<\/strong>. Al segundo, Andy aclar\u00f3: \u201cVos sentiste que Andrea te tir\u00f3 onda\u201d, a lo que Bel\u00e9n le respondi\u00f3: \u201cYo sent\u00ed eso, pero por ah\u00ed me quer\u00edas contener. Yo me ilusion\u00e9, siempre entend\u00ed eso, porque era de d\u00eda, estaba mal. Me qued\u00f3 confusa la situaci\u00f3n\u201d.<\/p>\n\n\n\n<p>Si bien todo era risas en un momento, Rinc\u00f3n no qued\u00f3 contenta con la declaraci\u00f3n y se lo dijo frente a c\u00e1maras: \u201cSab\u00e9s que no fue as\u00ed, hab\u00eda m\u00e1s gente.<strong>&nbsp;\u00bfLo est\u00e1s inventando para ma\u00f1ana salir en los medios?<\/strong>&nbsp;Lo que vos est\u00e1s haciendo no se hace. Yo no me lo merezco porque a vos no te hice nada. Si te equivocaste, pedime disculpas porque yo te estoy diciendo que no fue as\u00ed. Vos no me gust\u00e1s, nunca me gustaste\u201d.<\/p>\n\n\n\n<p>\u201c<strong>Me tengo que bancar todo un programa pas\u00e1ndola mal no s\u00e9 por qu\u00e9,<\/strong>&nbsp;porque lo \u00fanico que hice fue consolarte porque vos estabas mal\u201d, agreg\u00f3 la actriz de ATAV 2.<\/p>\n\n\n\n<p>\u201c<strong>Yo lo cont\u00e9 genuinamente, Andrea<\/strong>. Vos lo sentiste as\u00ed y te ofendi\u00f3, y me dec\u00eds que no es correcto que te lo diga. A m\u00ed me pareci\u00f3 divertido, nunca fue mi intenci\u00f3n lastimarte. Jam\u00e1s\u201d, le respondi\u00f3 la vedette. \u201c\u00bfEs un pedido de disculpas, Belu?\u201d, interpret\u00f3 el conductor. \u201cYo te disculpo, pero sab\u00e9 que<strong>&nbsp;no me gustaste nunca<\/strong>\u201d, repiti\u00f3 Rinc\u00f3n.<\/p>\n","protected":false},"excerpt":{"rendered":"<p>La medi\u00e1tica habl\u00f3 luego de su cruce con la actriz en PH, Podemos Hablar, y lanz\u00f3 fuertes indirectas. Bel\u00e9n Francese y Andrea Rinc\u00f3n\u00a0vivieron un tenso momento\u00a0en PH, Podemos Hablar y&hellip; <\/p>\n","protected":false},"author":4,"featured_media":95816,"comment_status":"closed","ping_status":"open","sticky":false,"template":"","format":"standard","meta":{"footnotes":""},"categories":[19],"tags":[],"class_list":["post-95815","post","type-post","status-publish","format-standard","has-post-thumbnail","hentry","category-espectaculos"],"_links":{"self":[{"href":"https:\/\/corrientesdetarde.com\/index.php\/wp-json\/wp\/v2\/posts\/95815","targetHints":{"allow":["GET"]}}],"collection":[{"href":"https:\/\/corrientesdetarde.com\/index.php\/wp-json\/wp\/v2\/posts"}],"about":[{"href":"https:\/\/corrientesdetarde.com\/index.php\/wp-json\/wp\/v2\/types\/post"}],"author":[{"embeddable":true,"href":"https:\/\/corrientesdetarde.com\/index.php\/wp-json\/wp\/v2\/users\/4"}],"replies":[{"embeddable":true,"href":"https:\/\/corrientesdetarde.com\/index.php\/wp-json\/wp\/v2\/comments?post=95815"}],"version-history":[{"count":1,"href":"https:\/\/corrientesdetarde.com\/index.php\/wp-json\/wp\/v2\/posts\/95815\/revisions"}],"predecessor-version":[{"id":95817,"href":"https:\/\/corrientesdetarde.com\/index.php\/wp-json\/wp\/v2\/posts\/95815\/revisions\/95817"}],"wp:featuredmedia":[{"embeddable":true,"href":"https:\/\/corrientesdetarde.com\/index.php\/wp-json\/wp\/v2\/media\/95816"}],"wp:attachment":[{"href":"https:\/\/corrientesdetarde.com\/index.php\/wp-json\/wp\/v2\/media?parent=95815"}],"wp:term":[{"taxonomy":"category","embeddable":true,"href":"https:\/\/corrientesdetarde.com\/index.php\/wp-json\/wp\/v2\/categories?post=95815"},{"taxonomy":"post_tag","embeddable":true,"href":"https:\/\/corrientesdetarde.com\/index.php\/wp-json\/wp\/v2\/tags?post=95815"}],"curies":[{"name":"wp","href":"https:\/\/api.w.org\/{rel}","templated":true}]}}