{"id":95818,"date":"2023-10-17T22:38:14","date_gmt":"2023-10-18T01:38:14","guid":{"rendered":"https:\/\/corrientesdetarde.com\/?p=95818"},"modified":"2023-10-17T22:38:26","modified_gmt":"2023-10-18T01:38:26","slug":"la-emocion-de-diego-torres-al-recordar-a-su-madre-lolita-torres","status":"publish","type":"post","link":"https:\/\/corrientesdetarde.com\/index.php\/espectaculos\/la-emocion-de-diego-torres-al-recordar-a-su-madre-lolita-torres\/","title":{"rendered":"La emoci\u00f3n de Diego Torres al recordar a su madre Lolita Torres"},"content":{"rendered":"\n<p>El cantante fue invitado a La Pe\u00f1a de Morfi y cont\u00f3 una an\u00e9cdota familiar con la ic\u00f3nica cantante cuando decidi\u00f3 dedicarse de lleno a la m\u00fasica.<\/p>\n\n\n\n<p><strong>Diego Torres<\/strong>\u00a0fue invitado este domingo a La Pe\u00f1a de Morfi, el ciclo que conducen\u00a0<strong>J\u00e9sica Cirio y Diego Leuco<\/strong>\u00a0(en reemplazo de Georgina Barbarossa) por Telefe. Fue all\u00ed donde el m\u00fasico fue agasajado con una carne asada rellena con queso parmesano y papas crocantes. \u201c\u00a1Qu\u00e9 placer venir ac\u00e1 a La Pe\u00f1a de Morfi que me dan de comer!\u201d, acot\u00f3 entre risas.<\/p>\n\n\n\n<p>Luego de cantar, el artista se sent\u00f3 para tener un mano a mano con Leuco. En ese sentido, habl\u00f3 sobre el D\u00eda de la Madre: \u201cHoy es un d\u00eda especial, lo que significa una buena madre en la vida de nosotros.&nbsp;<strong>\u00a1Feliz d\u00eda a todas las madres que est\u00e1n cuidando a sus hijos!<\/strong>\u201d, expres\u00f3.<\/p>\n\n\n\n<p>Fue all\u00ed donde el periodista indag\u00f3 en el legado que le hab\u00eda dejado su madre, la popular actriz y cantante Lolita Torres. \u201c<strong>Cuando arranqu\u00e9 en este medio, mi vieja me dijo: \u2018Solo te voy a pedir que te tomes esta profesi\u00f3n en serio\u201d<\/strong>, cont\u00f3 al respecto.<\/p>\n\n\n\n<p>Acto seguido, revel\u00f3 m\u00e1s detalles: \u201cCreo que mi vieja me ve\u00eda como un pendejo alocado. Me dec\u00eda:<strong>&nbsp;\u2018Si te vas a dedicar a esto, hacelo profesionalmente\u2019.<\/strong>&nbsp;Y me dej\u00f3 muchas ense\u00f1anzas cuando empec\u00e9 a trabajar como actor y despu\u00e9s con la m\u00fasica. Me acuerdo que me dijo: \u2018Ahora que te est\u00e9 yendo muy bien con la m\u00fasica no abandones al actor\u2019. Y yo segu\u00ed esos consejos de mi vieja, que fue una figura no solo para la gente sino tambi\u00e9n para mis hermanos y para mi familia, por eso no deja de estar todo el tiempo con nosotros\u201d.<\/p>\n\n\n\n<p>\u201c<strong>\u00bfY qu\u00e9 es tom\u00e1rselo en serio?,<\/strong>&nbsp;porque vos no sos solemne ni aburrido\u201d, le pregunt\u00f3 el conductor, lo que \u00e9l r\u00e1pidamente respondi\u00f3 que se trata de \u201ccombinar el hecho de pasarlo bien, de disfrutar, y de tener la suerte de poder vivir de lo que uno ama, trabajar donde la gente se divierte, con la seriedad y la responsabilidad que tenemos al salir al escenario y que si hay imperfecciones en un espect\u00e1culo saltarlas con entereza. Creo que se refer\u00eda a eso\u201d.<\/p>\n\n\n\n<p>Tras la entrevista, la producci\u00f3n arm\u00f3 un video con unas conmovedoras im\u00e1genes en donde se lo puede ver al m\u00fasico cantando a los 13 a\u00f1os junto a su madre.&nbsp;<strong>Al finalizar, no pudo contener su emoci\u00f3n: \u201c\u00a1Guau, qu\u00e9 lindo momento!<\/strong>\u201d.<\/p>\n\n\n\n<p>Y a\u00f1adi\u00f3: \u201c<strong>Tuvimos la suerte de tener una madre muy especial<\/strong>, ella tuvo una vida muy intensa, con muchos momentos hermosos y tambi\u00e9n muy duros. Eso creo que la hizo de un esp\u00edritu luchador, sabio. Siempre que veo este video me mata porque yo ten\u00eda 13 a\u00f1os, no ten\u00eda ni barba. Es un hermoso recuerdo\u201d.<\/p>\n","protected":false},"excerpt":{"rendered":"<p>El cantante fue invitado a La Pe\u00f1a de Morfi y cont\u00f3 una an\u00e9cdota familiar con la ic\u00f3nica cantante cuando decidi\u00f3 dedicarse de lleno a la m\u00fasica. Diego Torres\u00a0fue invitado este&hellip; <\/p>\n","protected":false},"author":4,"featured_media":95819,"comment_status":"closed","ping_status":"open","sticky":false,"template":"","format":"standard","meta":{"footnotes":""},"categories":[19],"tags":[],"class_list":["post-95818","post","type-post","status-publish","format-standard","has-post-thumbnail","hentry","category-espectaculos"],"_links":{"self":[{"href":"https:\/\/corrientesdetarde.com\/index.php\/wp-json\/wp\/v2\/posts\/95818","targetHints":{"allow":["GET"]}}],"collection":[{"href":"https:\/\/corrientesdetarde.com\/index.php\/wp-json\/wp\/v2\/posts"}],"about":[{"href":"https:\/\/corrientesdetarde.com\/index.php\/wp-json\/wp\/v2\/types\/post"}],"author":[{"embeddable":true,"href":"https:\/\/corrientesdetarde.com\/index.php\/wp-json\/wp\/v2\/users\/4"}],"replies":[{"embeddable":true,"href":"https:\/\/corrientesdetarde.com\/index.php\/wp-json\/wp\/v2\/comments?post=95818"}],"version-history":[{"count":1,"href":"https:\/\/corrientesdetarde.com\/index.php\/wp-json\/wp\/v2\/posts\/95818\/revisions"}],"predecessor-version":[{"id":95820,"href":"https:\/\/corrientesdetarde.com\/index.php\/wp-json\/wp\/v2\/posts\/95818\/revisions\/95820"}],"wp:featuredmedia":[{"embeddable":true,"href":"https:\/\/corrientesdetarde.com\/index.php\/wp-json\/wp\/v2\/media\/95819"}],"wp:attachment":[{"href":"https:\/\/corrientesdetarde.com\/index.php\/wp-json\/wp\/v2\/media?parent=95818"}],"wp:term":[{"taxonomy":"category","embeddable":true,"href":"https:\/\/corrientesdetarde.com\/index.php\/wp-json\/wp\/v2\/categories?post=95818"},{"taxonomy":"post_tag","embeddable":true,"href":"https:\/\/corrientesdetarde.com\/index.php\/wp-json\/wp\/v2\/tags?post=95818"}],"curies":[{"name":"wp","href":"https:\/\/api.w.org\/{rel}","templated":true}]}}